{"id":93406,"date":"2019-04-30T11:12:45","date_gmt":"2019-04-30T14:12:45","guid":{"rendered":"http:\/\/www.caririemacao.com\/1\/?p=93406"},"modified":"2019-04-30T11:12:45","modified_gmt":"2019-04-30T14:12:45","slug":"criminosos-assaltam-residencia-na-zona-rural-de-monteiro","status":"publish","type":"post","link":"https:\/\/www.caririemacao.com\/1\/2019\/04\/30\/criminosos-assaltam-residencia-na-zona-rural-de-monteiro\/","title":{"rendered":"Criminosos assaltam resid\u00eancia na zona rural de Monteiro"},"content":{"rendered":"\n<p>Tr\u00eas homens armados assaltaram uma resid\u00eancia na noite desta segunda-feira (29), no S\u00edtio Garapa, zona rural de Monteiro, no Cariri Paraibano. O assaltos a resid\u00eancias na zona rural tem virado rotina em Monteiro.<\/p>\n\n\n\n<p>De acordo com informa\u00e7\u00f5es, os acusados chegaram no local em um carro, adentraram o local e anunciaram o assalto, subtraindo v\u00e1rios objetos, entre eles celulares e dinheiro.<\/p>\n\n\n\n<p>Ap\u00f3s a a\u00e7\u00e3o, os bandidos fugiram com destino ignorado.<\/p>\n","protected":false},"excerpt":{"rendered":"<p>Tr\u00eas homens armados assaltaram uma resid\u00eancia na noite desta segunda-feira (29), no S\u00edtio Garapa, zona rural de Monteiro, no Cariri Paraibano. O assaltos a resid\u00eancias&hellip; <\/p>\n","protected":false},"author":1,"featured_media":50215,"comment_status":"closed","ping_status":"closed","sticky":false,"template":"","format":"standard","meta":{"sfsi_plus_gutenberg_text_before_share":"","sfsi_plus_gutenberg_show_text_before_share":"","sfsi_plus_gutenberg_icon_type":"","sfsi_plus_gutenberg_icon_alignemt":"","sfsi_plus_gutenburg_max_per_row":"","footnotes":""},"categories":[50,12],"tags":[],"class_list":["post-93406","post","type-post","status-publish","format-standard","has-post-thumbnail","hentry","category-destaque","category-policia"],"_links":{"self":[{"href":"https:\/\/www.caririemacao.com\/1\/wp-json\/wp\/v2\/posts\/93406","targetHints":{"allow":["GET"]}}],"collection":[{"href":"https:\/\/www.caririemacao.com\/1\/wp-json\/wp\/v2\/posts"}],"about":[{"href":"https:\/\/www.caririemacao.com\/1\/wp-json\/wp\/v2\/types\/post"}],"author":[{"embeddable":true,"href":"https:\/\/www.caririemacao.com\/1\/wp-json\/wp\/v2\/users\/1"}],"replies":[{"embeddable":true,"href":"https:\/\/www.caririemacao.com\/1\/wp-json\/wp\/v2\/comments?post=93406"}],"version-history":[{"count":1,"href":"https:\/\/www.caririemacao.com\/1\/wp-json\/wp\/v2\/posts\/93406\/revisions"}],"predecessor-version":[{"id":93407,"href":"https:\/\/www.caririemacao.com\/1\/wp-json\/wp\/v2\/posts\/93406\/revisions\/93407"}],"wp:featuredmedia":[{"embeddable":true,"href":"https:\/\/www.caririemacao.com\/1\/wp-json\/wp\/v2\/media\/50215"}],"wp:attachment":[{"href":"https:\/\/www.caririemacao.com\/1\/wp-json\/wp\/v2\/media?parent=93406"}],"wp:term":[{"taxonomy":"category","embeddable":true,"href":"https:\/\/www.caririemacao.com\/1\/wp-json\/wp\/v2\/categories?post=93406"},{"taxonomy":"post_tag","embeddable":true,"href":"https:\/\/www.caririemacao.com\/1\/wp-json\/wp\/v2\/tags?post=93406"}],"curies":[{"name":"wp","href":"https:\/\/api.w.org\/{rel}","templated":true}]}}