{"id":93411,"date":"2019-04-30T11:17:34","date_gmt":"2019-04-30T14:17:34","guid":{"rendered":"http:\/\/www.caririemacao.com\/1\/?p=93411"},"modified":"2019-04-30T11:17:34","modified_gmt":"2019-04-30T14:17:34","slug":"transposicao-do-rio-sao-francisco-apresenta-estado-de-abandono-na-cidade-de-monteiro","status":"publish","type":"post","link":"https:\/\/www.caririemacao.com\/1\/2019\/04\/30\/transposicao-do-rio-sao-francisco-apresenta-estado-de-abandono-na-cidade-de-monteiro\/","title":{"rendered":"Transposi\u00e7\u00e3o do Rio S\u00e3o Francisco apresenta estado de abandono na cidade de Monteiro"},"content":{"rendered":"\n<p>A cidade de Monteiro, localizada a 305 km de Jo\u00e3o Pessoa, no Cariri da Para\u00edba, foi a primeira cidade da Para\u00edba a receber as \u00e1guas do Rio S\u00e3o Francisco, um sonho que tinha como objetivo acabar com a seca e a sede da popula\u00e7\u00e3o da regi\u00e3o, hoje se encontra em total abandono.<\/p>\n\n\n\n<p>A Transposi\u00e7\u00e3o do Rio S\u00e3o Francisco se encontra totalmente abandonada uma obra que custou bilh\u00f5es aos cofres p\u00fablicos, n\u00e3o trouxe nada que some a popula\u00e7\u00e3o a n\u00e3o ser a indigna\u00e7\u00e3o de quem vai at\u00e9 o local e encontra um canal totalmente abandonado e as bombas desligadas.<\/p>\n\n\n\n<p>Em rede social um Monteirense questionou onde est\u00e3o os pol\u00edticos que estiveram h\u00e1 dois anos atr\u00e1s em cima de um palanque, utilizando de discursos e fal\u00e1cias em busca de suas reelei\u00e7\u00f5es sobre o canal, para inaugurar a chegada das \u00e1guas do rio S\u00e3o Francisco em Monteiro, ponto de entrada do Velho Chico. Pol\u00edticos e autoridades de todo o pa\u00eds se fizeram presente entre estes tr\u00eas ex-presidentes Luiz In\u00e1cio Lula da Silva, Dilma Rousseff e o ent\u00e3o presidente na \u00e9poca Michel Temer, estiveram no munic\u00edpio para utilizar imagens em seus guias eleitorais ou de seus aliados.<\/p>\n\n\n\n<p>Pois bem hoje o canal se encontra abandonado e aqueles que estiveram na inaugura\u00e7\u00e3o sumiram entre eles os deputados Estaduais, Federais, Senadores da Para\u00edba e tamb\u00e9m de outros estados.<\/p>\n\n\n\n<p><em>O Pipoco<\/em><\/p>\n","protected":false},"excerpt":{"rendered":"<p>A cidade de Monteiro, localizada a 305 km de Jo\u00e3o Pessoa, no Cariri da Para\u00edba, foi a primeira cidade da Para\u00edba a receber as \u00e1guas&hellip; <\/p>\n","protected":false},"author":1,"featured_media":93412,"comment_status":"closed","ping_status":"closed","sticky":false,"template":"","format":"standard","meta":{"sfsi_plus_gutenberg_text_before_share":"","sfsi_plus_gutenberg_show_text_before_share":"","sfsi_plus_gutenberg_icon_type":"","sfsi_plus_gutenberg_icon_alignemt":"","sfsi_plus_gutenburg_max_per_row":"","footnotes":""},"categories":[2],"tags":[],"class_list":["post-93411","post","type-post","status-publish","format-standard","has-post-thumbnail","hentry","category-geral"],"_links":{"self":[{"href":"https:\/\/www.caririemacao.com\/1\/wp-json\/wp\/v2\/posts\/93411","targetHints":{"allow":["GET"]}}],"collection":[{"href":"https:\/\/www.caririemacao.com\/1\/wp-json\/wp\/v2\/posts"}],"about":[{"href":"https:\/\/www.caririemacao.com\/1\/wp-json\/wp\/v2\/types\/post"}],"author":[{"embeddable":true,"href":"https:\/\/www.caririemacao.com\/1\/wp-json\/wp\/v2\/users\/1"}],"replies":[{"embeddable":true,"href":"https:\/\/www.caririemacao.com\/1\/wp-json\/wp\/v2\/comments?post=93411"}],"version-history":[{"count":1,"href":"https:\/\/www.caririemacao.com\/1\/wp-json\/wp\/v2\/posts\/93411\/revisions"}],"predecessor-version":[{"id":93413,"href":"https:\/\/www.caririemacao.com\/1\/wp-json\/wp\/v2\/posts\/93411\/revisions\/93413"}],"wp:featuredmedia":[{"embeddable":true,"href":"https:\/\/www.caririemacao.com\/1\/wp-json\/wp\/v2\/media\/93412"}],"wp:attachment":[{"href":"https:\/\/www.caririemacao.com\/1\/wp-json\/wp\/v2\/media?parent=93411"}],"wp:term":[{"taxonomy":"category","embeddable":true,"href":"https:\/\/www.caririemacao.com\/1\/wp-json\/wp\/v2\/categories?post=93411"},{"taxonomy":"post_tag","embeddable":true,"href":"https:\/\/www.caririemacao.com\/1\/wp-json\/wp\/v2\/tags?post=93411"}],"curies":[{"name":"wp","href":"https:\/\/api.w.org\/{rel}","templated":true}]}}