{"id":93416,"date":"2019-04-30T11:22:51","date_gmt":"2019-04-30T14:22:51","guid":{"rendered":"http:\/\/www.caririemacao.com\/1\/?p=93416"},"modified":"2019-04-30T11:22:51","modified_gmt":"2019-04-30T14:22:51","slug":"joao-azevedo-exonera-gilberto-carneiro-waldson-de-souza-e-claudia-veras","status":"publish","type":"post","link":"https:\/\/www.caririemacao.com\/1\/2019\/04\/30\/joao-azevedo-exonera-gilberto-carneiro-waldson-de-souza-e-claudia-veras\/","title":{"rendered":"Jo\u00e3o Azev\u00eado exonera Gilberto Carneiro, Waldson de Souza e Cl\u00e1udia Veras"},"content":{"rendered":"\n<p>O Di\u00e1rio Oficial do Estado desta ter\u00e7a-feira (30) traz a exonera\u00e7\u00e3o de v\u00e1rios secret\u00e1rios e auxiliares de Estado. Entre as portarias, o governador Jo\u00e3o Azev\u00eado exonerou a secret\u00e1ria de Sa\u00fade Cl\u00e1udia Veras, o procurador-geral do Estado Gilberto Carneiro, e Waldson de Souza, do cargo de secret\u00e1rio de Estado da Secretaria do Planejamento, Or\u00e7amento e Gest\u00e3o.<\/p>\n\n\n\n<p>De acordo com a publica\u00e7\u00e3o, as exonera\u00e7\u00f5es de Waldson e de Gilberto Carneiro teriam sido &#8220;a pedido&#8221;.&nbsp;<\/p>\n\n\n\n<p>J\u00e1 o advogado&nbsp;F\u00e1bio Andrade&nbsp;deixa&nbsp;o cargo em comiss\u00e3o de Diretor Superintendente da Superintend\u00eancia de Administra\u00e7\u00e3o do Meio Ambiente \u2013 SUDEMA. Jo\u00e3o Azev\u00eado nomeou F\u00e1bio Andrade como procurador-geral do Estado, no lugar de Carneiro.<\/p>\n\n\n\n<p>Tamb\u00e9m est\u00e3o entre os exonerados Fabr\u00edcio Feitosa Bezerra, que deixa o cargo de Chefe de Gabinete da Secretaria Executiva do Empreendedorismo, da Secretaria de Estado do Turismo e do Desenvolvimento Econ\u00f4mico, para assumir como secret\u00e1rio executivo do Empreendedorismo.&nbsp;<\/p>\n\n\n\n<p>Quem vai responder pelo cargo na SUDEMA ser\u00e1 a diretora administrativa&nbsp;Elisete Margo Andreoli.<br><\/p>\n\n\n\n<p>A ent\u00e3o secret\u00e1ria de Sa\u00fade Cl\u00e1udia Veras&nbsp;assume outro cargo no governo. Jo\u00e3o nomeou a auxiliar&nbsp;para ocupar o cargo de secret\u00e1rio executivo da Secretaria de&nbsp;Estado do Desenvolvimento e da Articula\u00e7\u00e3o Municipal.<a href=\"https:\/\/www.clickpb.com.br\/media\/filer_public\/94\/14\/9414a723-3450-4423-ad44-f3eb32925aa2\/diario-oficial-30-04-2019.pdf\">Confira o Di\u00e1rio na \u00edntegra.<\/a><\/p>\n\n\n\n<p>Em virtude das exonera\u00e7\u00f5es, alguns secret\u00e1rios v\u00e3o acumular fun\u00e7\u00f5es.&nbsp;No di\u00e1rio, o governador publicou a nomea\u00e7\u00e3o do advogado Fabio Maia como Secret\u00e1rio Executivo, para responder cumulativamente, pelo cargo de provimento em comiss\u00e3o de Secret\u00e1rio de Estado da Secretaria do Planejamento, Or\u00e7amento e Gest\u00e3o. J\u00e1 o m\u00e9dico Geraldo Medeiros, secret\u00e1rio executivo de Gest\u00e3o da Rede de Unidades de Sa\u00fade da Secretaria de Estado da Sa\u00fade,&nbsp;foi designado&nbsp;para responder, cumulativamente, pelo cargo de provimento em comiss\u00e3o de Secret\u00e1rio de Estado da Sa\u00fade.<\/p>\n\n\n\n<p>Tamb\u00e9m h\u00e1 mudan\u00e7a na&nbsp;Junta Comercial do Estado da Para\u00edba \u2013 JUCEP, com a nomea\u00e7\u00e3o de Guilherme Marconi Coutinho de Souza para ocupar o cargo vice-presidente.<\/p>\n","protected":false},"excerpt":{"rendered":"<p>O Di\u00e1rio Oficial do Estado desta ter\u00e7a-feira (30) traz a exonera\u00e7\u00e3o de v\u00e1rios secret\u00e1rios e auxiliares de Estado. Entre as portarias, o governador Jo\u00e3o Azev\u00eado&hellip; <\/p>\n","protected":false},"author":1,"featured_media":93417,"comment_status":"closed","ping_status":"closed","sticky":false,"template":"","format":"standard","meta":{"sfsi_plus_gutenberg_text_before_share":"","sfsi_plus_gutenberg_show_text_before_share":"","sfsi_plus_gutenberg_icon_type":"","sfsi_plus_gutenberg_icon_alignemt":"","sfsi_plus_gutenburg_max_per_row":"","footnotes":""},"categories":[11],"tags":[],"class_list":["post-93416","post","type-post","status-publish","format-standard","has-post-thumbnail","hentry","category-politica"],"_links":{"self":[{"href":"https:\/\/www.caririemacao.com\/1\/wp-json\/wp\/v2\/posts\/93416","targetHints":{"allow":["GET"]}}],"collection":[{"href":"https:\/\/www.caririemacao.com\/1\/wp-json\/wp\/v2\/posts"}],"about":[{"href":"https:\/\/www.caririemacao.com\/1\/wp-json\/wp\/v2\/types\/post"}],"author":[{"embeddable":true,"href":"https:\/\/www.caririemacao.com\/1\/wp-json\/wp\/v2\/users\/1"}],"replies":[{"embeddable":true,"href":"https:\/\/www.caririemacao.com\/1\/wp-json\/wp\/v2\/comments?post=93416"}],"version-history":[{"count":1,"href":"https:\/\/www.caririemacao.com\/1\/wp-json\/wp\/v2\/posts\/93416\/revisions"}],"predecessor-version":[{"id":93418,"href":"https:\/\/www.caririemacao.com\/1\/wp-json\/wp\/v2\/posts\/93416\/revisions\/93418"}],"wp:featuredmedia":[{"embeddable":true,"href":"https:\/\/www.caririemacao.com\/1\/wp-json\/wp\/v2\/media\/93417"}],"wp:attachment":[{"href":"https:\/\/www.caririemacao.com\/1\/wp-json\/wp\/v2\/media?parent=93416"}],"wp:term":[{"taxonomy":"category","embeddable":true,"href":"https:\/\/www.caririemacao.com\/1\/wp-json\/wp\/v2\/categories?post=93416"},{"taxonomy":"post_tag","embeddable":true,"href":"https:\/\/www.caririemacao.com\/1\/wp-json\/wp\/v2\/tags?post=93416"}],"curies":[{"name":"wp","href":"https:\/\/api.w.org\/{rel}","templated":true}]}}