{"id":93420,"date":"2019-04-30T11:36:00","date_gmt":"2019-04-30T14:36:00","guid":{"rendered":"http:\/\/www.caririemacao.com\/1\/?p=93420"},"modified":"2019-04-30T11:36:00","modified_gmt":"2019-04-30T14:36:00","slug":"ex-presidente-michel-temer-vira-reu-pelo-inquerito-dos-portos","status":"publish","type":"post","link":"https:\/\/www.caririemacao.com\/1\/2019\/04\/30\/ex-presidente-michel-temer-vira-reu-pelo-inquerito-dos-portos\/","title":{"rendered":"Ex-presidente Michel Temer vira r\u00e9u pelo inqu\u00e9rito dos Portos"},"content":{"rendered":"\n<p>O ex-presidente da Rep\u00fablica Michel Temer (MDB) virou r\u00e9u pela quinta vez na Justi\u00e7a, agora pelo chamado inqu\u00e9rito dos portos, que investiga Temer por corrup\u00e7\u00e3o passiva e lavagem de dinheiro, na suspeita de que o ex-presidente recebeu propina em troca do favorecimento a empresas do setor portu\u00e1rio com o decreto dos portos, de 2017.<\/p>\n\n\n\n<p>A den\u00fancia foi apresentada pela procuradora-geral da Rep\u00fablica, Raquel Dodge, ao Supremo Tribunal Federal (STF) em dezembro de 2018. Com o fim do mandato do emedebista, o caso foi enviado \u00e0 Justi\u00e7a Federal do Distrito Federal.<\/p>\n\n\n\n<p>Al\u00e9m do ex-presidente, se tornam r\u00e9us com a decis\u00e3o do juiz Marcus Vin\u00edcius Reis Bastos o ex-deputado Rodrigo Rocha Loures (MDB-PR), o policial aposentado Jo\u00e3o Baptista Lima Filho, conhecido como Coronel Lima, o s\u00f3cio deste, Carlos Alberto Costa, e os empres\u00e1rios Ant\u00f4nio Grecco e Ricardo Mesquita, do grupo Rodrimar.<\/p>\n\n\n\n<p>Quando presidente, Temer sancionou o decreto 9.048\/2017, conhecido como \u201cdecreto dos portos\u201d, que ampliou por at\u00e9 setenta anos a dura\u00e7\u00e3o de dois contratos entre o poder p\u00fablico e empresas que exploram o setor portu\u00e1rio. Os investigadores apontaram o Grupo Rodrimar, que opera no Porto de Santos, como um dos respons\u00e1veis pelo pagamento de vantagens indevidas ao presidente por meio de empresa.<\/p>\n\n\n\n<p>Ao todo, na den\u00fancia, a PGR aponta movimenta\u00e7\u00e3o indevida de 32,6 milh\u00f5es de reais. As negocia\u00e7\u00f5es entre as partes, segundo Raquel Dodge sustentou na acusa\u00e7\u00e3o, come\u00e7aram em 2013, quando Temer ainda era vice-presidente, e foram intermediadas por Rocha Loures, que foi assessor especial e deputado federal.<\/p>\n\n\n\n<p>Em nota, o advogado Eduardo Carnel\u00f3s, que defende o ex-presidente, definiu a den\u00fancia do Minist\u00e9rio P\u00fablico como \u201cmais uma acusa\u00e7\u00e3o absurda, sem amparo na prova dos autos\u201d. \u201cAo contr\u00e1rio: a Rodrimar, que teria sido beneficiada pelo Decreto dos Portos, n\u00e3o o foi! E isso, repita-se, est\u00e1 provado no inqu\u00e9rito. Infelizmente, ainda ser\u00e1 necess\u00e1rio tempo para p\u00f4r fim aos danos causados a Temer pelas acusa\u00e7\u00f5es infundadas que tiveram in\u00edcio numa negociata efetuada com confessos criminosos. Mas dia chegar\u00e1 em que a mentira n\u00e3o produzir\u00e1 mais not\u00edcia, a n\u00e3o ser a de que ela foi desmascarada\u201d.<\/p>\n\n\n\n<p><strong>Cinco vezes<\/strong><\/p>\n\n\n\n<p>Essa \u00e9 a quinta vez que o ex-presidente Michel Temer se torna r\u00e9u na Justi\u00e7a. Antes, j\u00e1 haviam sido aceitas duas den\u00fancias na Justi\u00e7a do Rio de Janeiro, relacionadas \u00e0s obras da usina de Angra 3, uma na Justi\u00e7a de S\u00e3o Paulo, sobre a reforma da casa da filha do ex-presidente, Maristela Temer; e outra na Justi\u00e7a de Bras\u00edlia, a respeito da mala de 500.000 reais que Rocha Loures recebeu de um emiss\u00e1rio do empres\u00e1rio Joesley Batista quando, segundo o Minist\u00e9rio P\u00fablico, agia em nome do ex-presidente.<\/p>\n\n\n\n<p>Ainda h\u00e1 mais uma den\u00fancia pendente de an\u00e1lise contra Michel Temer, a que diz respeito ao inqu\u00e9rito do chamado \u201cquadrilh\u00e3o do MDB\u201d, suposta articula\u00e7\u00e3o entre o ex-presidente e outros integrantes do partido com o objetivo de promover desvios em empresas estatais, de acordo com a acusa\u00e7\u00e3o.<\/p>\n\n\n\n<p>Existem mais quatro inqu\u00e9ritos abertos investigando o ex-presidente: um que apura outros fatos da dela\u00e7\u00e3o de executivos da JBS, de Joesley, para al\u00e9m dos que embasaram a den\u00fancia da PGR; outro sobre um jantar no Pal\u00e1cio do Jaburu, em 2014, no qual Temer teria pedido 10 milh\u00f5es de reais ao empres\u00e1rio Marcelo Odebrecht em troca de benef\u00edcios \u00e0 empreiteira; mais um relacionado ao setor portu\u00e1rio, sobre um contrato de 375.000 do Porto de Santos; e um \u00faltimo sobre um contrato da Argeplan, empresa de Coronel Lima, com o Tribunal de Justi\u00e7a de S\u00e3o Paulo.<\/p>\n","protected":false},"excerpt":{"rendered":"<p>O ex-presidente da Rep\u00fablica Michel Temer (MDB) virou r\u00e9u pela quinta vez na Justi\u00e7a, agora pelo chamado inqu\u00e9rito dos portos, que investiga Temer por corrup\u00e7\u00e3o&hellip; <\/p>\n","protected":false},"author":1,"featured_media":40463,"comment_status":"closed","ping_status":"closed","sticky":false,"template":"","format":"standard","meta":{"sfsi_plus_gutenberg_text_before_share":"","sfsi_plus_gutenberg_show_text_before_share":"","sfsi_plus_gutenberg_icon_type":"","sfsi_plus_gutenberg_icon_alignemt":"","sfsi_plus_gutenburg_max_per_row":"","footnotes":""},"categories":[11],"tags":[],"class_list":["post-93420","post","type-post","status-publish","format-standard","has-post-thumbnail","hentry","category-politica"],"_links":{"self":[{"href":"https:\/\/www.caririemacao.com\/1\/wp-json\/wp\/v2\/posts\/93420","targetHints":{"allow":["GET"]}}],"collection":[{"href":"https:\/\/www.caririemacao.com\/1\/wp-json\/wp\/v2\/posts"}],"about":[{"href":"https:\/\/www.caririemacao.com\/1\/wp-json\/wp\/v2\/types\/post"}],"author":[{"embeddable":true,"href":"https:\/\/www.caririemacao.com\/1\/wp-json\/wp\/v2\/users\/1"}],"replies":[{"embeddable":true,"href":"https:\/\/www.caririemacao.com\/1\/wp-json\/wp\/v2\/comments?post=93420"}],"version-history":[{"count":1,"href":"https:\/\/www.caririemacao.com\/1\/wp-json\/wp\/v2\/posts\/93420\/revisions"}],"predecessor-version":[{"id":93421,"href":"https:\/\/www.caririemacao.com\/1\/wp-json\/wp\/v2\/posts\/93420\/revisions\/93421"}],"wp:featuredmedia":[{"embeddable":true,"href":"https:\/\/www.caririemacao.com\/1\/wp-json\/wp\/v2\/media\/40463"}],"wp:attachment":[{"href":"https:\/\/www.caririemacao.com\/1\/wp-json\/wp\/v2\/media?parent=93420"}],"wp:term":[{"taxonomy":"category","embeddable":true,"href":"https:\/\/www.caririemacao.com\/1\/wp-json\/wp\/v2\/categories?post=93420"},{"taxonomy":"post_tag","embeddable":true,"href":"https:\/\/www.caririemacao.com\/1\/wp-json\/wp\/v2\/tags?post=93420"}],"curies":[{"name":"wp","href":"https:\/\/api.w.org\/{rel}","templated":true}]}}