{"id":93433,"date":"2019-04-30T11:51:47","date_gmt":"2019-04-30T14:51:47","guid":{"rendered":"http:\/\/www.caririemacao.com\/1\/?p=93433"},"modified":"2019-04-30T11:51:47","modified_gmt":"2019-04-30T14:51:47","slug":"academia-da-saude-maria-celeste-alves-silva-comemora-2-anos-em-monteiro","status":"publish","type":"post","link":"https:\/\/www.caririemacao.com\/1\/2019\/04\/30\/academia-da-saude-maria-celeste-alves-silva-comemora-2-anos-em-monteiro\/","title":{"rendered":"Academia da Sa\u00fade Maria Celeste Alves Silva comemora 2 anos em Monteiro"},"content":{"rendered":"\n<p><br>Nesta \u00faltima sexta-feira (26), uma das obras mais aguardadas do in\u00edcio do mandato da gestora Anna Lorena, completou 2 anos oferecendo atividades, lazer e sa\u00fade \u00e0 popula\u00e7\u00e3o monteirense \u00e0s margens do A\u00e7ude Parque das \u00c1guas no centro de Monteiro.<br> Para celebrar a data, a equipe do NASF \u2013 N\u00facleo de Apoio \u00e0 Sa\u00fade da Fam\u00edlia, reuniu os alunos que fazem parte da programa\u00e7\u00e3o oferecida para uma festa de exerc\u00edcios e descontra\u00e7\u00e3o.<br> Ap\u00f3s os exerc\u00edcios e o lanche, os participantes tamb\u00e9m ganharam brindes e a camisa padronizada. Mais de 70 pessoas participaram da comemora\u00e7\u00e3o.<br> A Academia da Sa\u00fade Maria Celeste Alves Silva<br> A obra foi realizada com recursos do Governo Federal, por meio do Minist\u00e9rio da Sa\u00fade e em parceria com a Prefeitura. De acordo com a prefeita de Monteiro, Anna Lorena, o espa\u00e7o trouxe grandes benef\u00edcios aos moradores da cidade. \u201cOs espa\u00e7os possuem estrutura adequada e contam com profissionais qualificados que promovem atividades de eleva\u00e7\u00e3o \u00e0 sa\u00fade e mais qualidade de vida aos monteirenses\u201d, destaca.<br> Segundo o Minist\u00e9rio da Sa\u00fade, o Programa Academia da Sa\u00fade potencializa a realiza\u00e7\u00e3o de a\u00e7\u00f5es variadas de promo\u00e7\u00e3o da sa\u00fade, como: pr\u00e1ticas corporais, atividades f\u00edsicas, promo\u00e7\u00e3o da alimenta\u00e7\u00e3o saud\u00e1vel, mobiliza\u00e7\u00e3o da comunidade, pr\u00e1ticas art\u00edsticas e culturais, gest\u00e3o participativa, entre outras preconizadas pelo Programa.<\/p>\n","protected":false},"excerpt":{"rendered":"<p>Nesta \u00faltima sexta-feira (26), uma das obras mais aguardadas do in\u00edcio do mandato da gestora Anna Lorena, completou 2 anos oferecendo atividades, lazer e sa\u00fade&hellip; <\/p>\n","protected":false},"author":1,"featured_media":93435,"comment_status":"closed","ping_status":"closed","sticky":false,"template":"","format":"standard","meta":{"sfsi_plus_gutenberg_text_before_share":"","sfsi_plus_gutenberg_show_text_before_share":"","sfsi_plus_gutenberg_icon_type":"","sfsi_plus_gutenberg_icon_alignemt":"","sfsi_plus_gutenburg_max_per_row":"","footnotes":""},"categories":[16],"tags":[],"class_list":["post-93433","post","type-post","status-publish","format-standard","has-post-thumbnail","hentry","category-saude"],"_links":{"self":[{"href":"https:\/\/www.caririemacao.com\/1\/wp-json\/wp\/v2\/posts\/93433","targetHints":{"allow":["GET"]}}],"collection":[{"href":"https:\/\/www.caririemacao.com\/1\/wp-json\/wp\/v2\/posts"}],"about":[{"href":"https:\/\/www.caririemacao.com\/1\/wp-json\/wp\/v2\/types\/post"}],"author":[{"embeddable":true,"href":"https:\/\/www.caririemacao.com\/1\/wp-json\/wp\/v2\/users\/1"}],"replies":[{"embeddable":true,"href":"https:\/\/www.caririemacao.com\/1\/wp-json\/wp\/v2\/comments?post=93433"}],"version-history":[{"count":1,"href":"https:\/\/www.caririemacao.com\/1\/wp-json\/wp\/v2\/posts\/93433\/revisions"}],"predecessor-version":[{"id":93436,"href":"https:\/\/www.caririemacao.com\/1\/wp-json\/wp\/v2\/posts\/93433\/revisions\/93436"}],"wp:featuredmedia":[{"embeddable":true,"href":"https:\/\/www.caririemacao.com\/1\/wp-json\/wp\/v2\/media\/93435"}],"wp:attachment":[{"href":"https:\/\/www.caririemacao.com\/1\/wp-json\/wp\/v2\/media?parent=93433"}],"wp:term":[{"taxonomy":"category","embeddable":true,"href":"https:\/\/www.caririemacao.com\/1\/wp-json\/wp\/v2\/categories?post=93433"},{"taxonomy":"post_tag","embeddable":true,"href":"https:\/\/www.caririemacao.com\/1\/wp-json\/wp\/v2\/tags?post=93433"}],"curies":[{"name":"wp","href":"https:\/\/api.w.org\/{rel}","templated":true}]}}