{"id":93438,"date":"2019-04-30T11:59:10","date_gmt":"2019-04-30T14:59:10","guid":{"rendered":"http:\/\/www.caririemacao.com\/1\/?p=93438"},"modified":"2019-04-30T11:59:10","modified_gmt":"2019-04-30T14:59:10","slug":"gestantes-atendidas-pela-secretaria-de-desenvolvimento-social-do-municipio-ganham-book-fotografico","status":"publish","type":"post","link":"https:\/\/www.caririemacao.com\/1\/2019\/04\/30\/gestantes-atendidas-pela-secretaria-de-desenvolvimento-social-do-municipio-ganham-book-fotografico\/","title":{"rendered":"Gestantes atendidas pela Secretaria de Desenvolvimento Social do Munic\u00edpio ganham book fotogr\u00e1fico"},"content":{"rendered":"\n<p>Com o objetivo de estreitar ainda mais os v\u00ednculos e eternizar um momento t\u00e3o importante que \u00e9 a gesta\u00e7\u00e3o, a Secretaria de Desenvolvimento Social esteve na \u00faltima semana na reuni\u00e3o mensal com as gr\u00e1vidas do munic\u00edpio realizando tamb\u00e9m um ensaio fotogr\u00e1fico.<br>\nNo momento participaram da programa\u00e7\u00e3o 47 mulheres. Nos encontros s\u00e3o realizadas diversas a\u00e7\u00f5es, entre palestras, orienta\u00e7\u00f5es, entrega dos kits e mais uma vez, com a iniciativa de conceder a elas o ensaio fotogr\u00e1fico da gestante para eternizar esse momento t\u00e3o especial e marcante para a vida dessas futuras mam\u00e3es.<br>\nSegundo a Secret\u00e1ria de Desenvolvimento Social a equipe juntamente com a Sa\u00fade procura atrav\u00e9s destes encontros estabelecer v\u00ednculos, respeitando as diversidades de cada fam\u00edlia, preparando-as para o parto, incentivando o aleitamento materno entre tantas outras orienta\u00e7\u00f5es. A Secretaria de Desenvolvimento Social ainda acompanha a crian\u00e7a depois do nascimento pelo Programa Nen\u00e9m Fortinho.<br>\n\u201cA ideia surgiu com a inten\u00e7\u00e3o de fortalecer o v\u00ednculo com a comunidade e demonstrar mais uma vez que a gest\u00e3o municipal oferece um servi\u00e7o p\u00fablico de qualidade para quem precisa com mais aten\u00e7\u00e3o e humanidade\u201d, ressalta a secret\u00e1ria da pasta, Rosa Aleixo. <\/p>\n","protected":false},"excerpt":{"rendered":"<p>Com o objetivo de estreitar ainda mais os v\u00ednculos e eternizar um momento t\u00e3o importante que \u00e9 a gesta\u00e7\u00e3o, a Secretaria de Desenvolvimento Social esteve&hellip; <\/p>\n","protected":false},"author":1,"featured_media":93439,"comment_status":"closed","ping_status":"closed","sticky":false,"template":"","format":"standard","meta":{"sfsi_plus_gutenberg_text_before_share":"","sfsi_plus_gutenberg_show_text_before_share":"","sfsi_plus_gutenberg_icon_type":"","sfsi_plus_gutenberg_icon_alignemt":"","sfsi_plus_gutenburg_max_per_row":"","footnotes":""},"categories":[2],"tags":[],"class_list":["post-93438","post","type-post","status-publish","format-standard","has-post-thumbnail","hentry","category-geral"],"_links":{"self":[{"href":"https:\/\/www.caririemacao.com\/1\/wp-json\/wp\/v2\/posts\/93438","targetHints":{"allow":["GET"]}}],"collection":[{"href":"https:\/\/www.caririemacao.com\/1\/wp-json\/wp\/v2\/posts"}],"about":[{"href":"https:\/\/www.caririemacao.com\/1\/wp-json\/wp\/v2\/types\/post"}],"author":[{"embeddable":true,"href":"https:\/\/www.caririemacao.com\/1\/wp-json\/wp\/v2\/users\/1"}],"replies":[{"embeddable":true,"href":"https:\/\/www.caririemacao.com\/1\/wp-json\/wp\/v2\/comments?post=93438"}],"version-history":[{"count":1,"href":"https:\/\/www.caririemacao.com\/1\/wp-json\/wp\/v2\/posts\/93438\/revisions"}],"predecessor-version":[{"id":93440,"href":"https:\/\/www.caririemacao.com\/1\/wp-json\/wp\/v2\/posts\/93438\/revisions\/93440"}],"wp:featuredmedia":[{"embeddable":true,"href":"https:\/\/www.caririemacao.com\/1\/wp-json\/wp\/v2\/media\/93439"}],"wp:attachment":[{"href":"https:\/\/www.caririemacao.com\/1\/wp-json\/wp\/v2\/media?parent=93438"}],"wp:term":[{"taxonomy":"category","embeddable":true,"href":"https:\/\/www.caririemacao.com\/1\/wp-json\/wp\/v2\/categories?post=93438"},{"taxonomy":"post_tag","embeddable":true,"href":"https:\/\/www.caririemacao.com\/1\/wp-json\/wp\/v2\/tags?post=93438"}],"curies":[{"name":"wp","href":"https:\/\/api.w.org\/{rel}","templated":true}]}}