{"id":93446,"date":"2019-04-30T12:06:28","date_gmt":"2019-04-30T15:06:28","guid":{"rendered":"http:\/\/www.caririemacao.com\/1\/?p=93446"},"modified":"2019-04-30T12:06:28","modified_gmt":"2019-04-30T15:06:28","slug":"prefeitura-de-sume-promove-curso-de-formacao-de-arbitros-de-futsal","status":"publish","type":"post","link":"https:\/\/www.caririemacao.com\/1\/2019\/04\/30\/prefeitura-de-sume-promove-curso-de-formacao-de-arbitros-de-futsal\/","title":{"rendered":"Prefeitura de Sum\u00e9 promove Curso de Forma\u00e7\u00e3o de \u00c1rbitros de Futsal"},"content":{"rendered":"\n<p>A Prefeitura de Sum\u00e9, atrav\u00e9s do Departamento Municipal de Esportes, realizou no s\u00e1bado (27), curso de \u201cForma\u00e7\u00e3o de \u00c1rbitros de Futsal\u201d. O evento ocorreu no gin\u00e1sio municipal e teve como palestrante principal a instrutora de \u00e1rbitra da federa\u00e7\u00e3o paraibana de futsal, Alane Lucena.<br>\nEla enfatizou que a troca de experi\u00eancia com \u00e1rbitros do interior \u00e9 muito importante e enriquecedor para a forma\u00e7\u00e3o e conhecimento deles, tanto para atualiza\u00e7\u00e3o de regras quanto para a condu\u00e7\u00e3o dos jogos. <br>\nO \u00e1rbitro Givanildo Santos disse que o evento superou todas as expectativas e que representa mais uma oportunidade para os profissionais da \u00e1rea aprimorarem os seus conhecimentos. Para ele, esse tipo de a\u00e7\u00e3o engrandece ainda mais o n\u00edvel de competi\u00e7\u00e3o do futsal sumeense e refor\u00e7a o compromisso da Prefeitura de Sum\u00e9 com o esporte local. <br>\nJo\u00e3o Bosco, da Federa\u00e7\u00e3o Paraibana de Futsal, tamb\u00e9m parabenizou a iniciativa da Prefeitura de Sum\u00e9 em promover o futsal na regi\u00e3o do Cariri e de modo especial o esporte paraibano. Segundo ele, a partir dessa forma\u00e7\u00e3o, os \u00e1rbitros capacitados poder\u00e3o ser utilizados para apitarem competi\u00e7\u00f5es de futsal na regi\u00e3o. <\/p>\n\n\n\n<p>Ascom<\/p>\n","protected":false},"excerpt":{"rendered":"<p>A Prefeitura de Sum\u00e9, atrav\u00e9s do Departamento Municipal de Esportes, realizou no s\u00e1bado (27), curso de \u201cForma\u00e7\u00e3o de \u00c1rbitros de Futsal\u201d. O evento ocorreu no&hellip; <\/p>\n","protected":false},"author":1,"featured_media":93447,"comment_status":"closed","ping_status":"closed","sticky":false,"template":"","format":"standard","meta":{"sfsi_plus_gutenberg_text_before_share":"","sfsi_plus_gutenberg_show_text_before_share":"","sfsi_plus_gutenberg_icon_type":"","sfsi_plus_gutenberg_icon_alignemt":"","sfsi_plus_gutenburg_max_per_row":"","footnotes":""},"categories":[13],"tags":[],"class_list":["post-93446","post","type-post","status-publish","format-standard","has-post-thumbnail","hentry","category-esportes"],"_links":{"self":[{"href":"https:\/\/www.caririemacao.com\/1\/wp-json\/wp\/v2\/posts\/93446","targetHints":{"allow":["GET"]}}],"collection":[{"href":"https:\/\/www.caririemacao.com\/1\/wp-json\/wp\/v2\/posts"}],"about":[{"href":"https:\/\/www.caririemacao.com\/1\/wp-json\/wp\/v2\/types\/post"}],"author":[{"embeddable":true,"href":"https:\/\/www.caririemacao.com\/1\/wp-json\/wp\/v2\/users\/1"}],"replies":[{"embeddable":true,"href":"https:\/\/www.caririemacao.com\/1\/wp-json\/wp\/v2\/comments?post=93446"}],"version-history":[{"count":1,"href":"https:\/\/www.caririemacao.com\/1\/wp-json\/wp\/v2\/posts\/93446\/revisions"}],"predecessor-version":[{"id":93448,"href":"https:\/\/www.caririemacao.com\/1\/wp-json\/wp\/v2\/posts\/93446\/revisions\/93448"}],"wp:featuredmedia":[{"embeddable":true,"href":"https:\/\/www.caririemacao.com\/1\/wp-json\/wp\/v2\/media\/93447"}],"wp:attachment":[{"href":"https:\/\/www.caririemacao.com\/1\/wp-json\/wp\/v2\/media?parent=93446"}],"wp:term":[{"taxonomy":"category","embeddable":true,"href":"https:\/\/www.caririemacao.com\/1\/wp-json\/wp\/v2\/categories?post=93446"},{"taxonomy":"post_tag","embeddable":true,"href":"https:\/\/www.caririemacao.com\/1\/wp-json\/wp\/v2\/tags?post=93446"}],"curies":[{"name":"wp","href":"https:\/\/api.w.org\/{rel}","templated":true}]}}