{"id":93450,"date":"2019-04-30T12:10:07","date_gmt":"2019-04-30T15:10:07","guid":{"rendered":"http:\/\/www.caririemacao.com\/1\/?p=93450"},"modified":"2019-04-30T12:10:07","modified_gmt":"2019-04-30T15:10:07","slug":"ufpb-divulga-resultado-preliminar-do-concurso-publico-de-tecnicos-administrativos","status":"publish","type":"post","link":"https:\/\/www.caririemacao.com\/1\/2019\/04\/30\/ufpb-divulga-resultado-preliminar-do-concurso-publico-de-tecnicos-administrativos\/","title":{"rendered":"UFPB divulga resultado preliminar do concurso p\u00fablico de t\u00e9cnicos administrativos"},"content":{"rendered":"\n<p>A Universidade Federal da Para\u00edba (UFPB) divulgou na manh\u00e3 desta ter\u00e7a-feira (30) o resultado do concurso p\u00fablico com vagas para t\u00e9cnicos administrativos. A reitora Margareth Diniz anunciou o resultado da prova&nbsp;objetiva-preliminar.<\/p>\n\n\n\n<p><a href=\"http:\/\/www.progep.ufpb.br\/progep\/contents\/concursos\/tecnicos\/edital-no-122-2018\/anexo-unico-edital-de-resultado-da-prova-objetiva-preliminar-ufpb.pdf\">Confira o resultado neste link<\/a><br><\/p>\n\n\n\n<p>&nbsp;\u201cCom alegria tornamos p\u00fablico estes resultados de um nova fase do nosso concurso, que oferta 131 para novos servidores t\u00e9cnico-administrativos&#8221;, disse a reitora ap\u00f3s reuni\u00e3o com a Comiss\u00e3o organizadora do concurso. Atingiram a nota de corte 406 candidatos de cargos da Classe C, 19.870 candidatos da Classe D e 7.840 candidatos da Classe E.<br><\/p>\n\n\n\n<p>A reitora informou ainda que os cargos que tiveram a&nbsp; maior quantidade de candidatos aprovados na nota de corte foram: Assistente em Administra\u00e7\u00e3o (17.821), Administrador (1.011) e T\u00e9cnico em Assuntos Educacionais (740).<\/p>\n\n\n\n<p>O edital prev\u00ea&nbsp; recurso das notas preliminares das provas objetivas a partir da&nbsp; 00:00 horas do dia 02\/05\/2019 at\u00e9 23:59 do dia 03\/05\/2019. Tamb\u00e9m&nbsp; determina que nos dias 18 e 19 de maio de 2019 haver\u00e1 a per\u00edcia m\u00e9dica para os candidatos PcD&#8217;s e o procedimento de heteroidentifica\u00e7\u00e3o, nos termos do edital de abertura do concurso p\u00fablico e mediante convoca\u00e7\u00e3o dos candidatos a ser publicada.<\/p>\n\n\n\n<p>O resultado preliminar final das provas objetivas e classifica\u00e7\u00e3o dos candidatos ser\u00e1 publicado no dia 06 de junho 2019, para os cargos que n\u00e3o t\u00eam provas pr\u00e1ticas. Para os demais cargos, previs\u00e3o 05 de julho. As provas pr\u00e1ticas est\u00e3o previstas para os dias 15 e -16 de julho&nbsp; para os seguintes cargos: T\u00e9cnico em Laborat\u00f3rio &#8211; \u00c1rea Biologia; T\u00e9cnico em Laborat\u00f3rio &#8211; \u00c1rea An\u00e1lises Cl\u00ednicas; T\u00e9cnico em Laborat\u00f3rio &#8211; \u00c1rea Biosseguran\u00e7a; T\u00e9cnico em Laborat\u00f3rio &#8211; \u00c1rea de Tecnologia de Alimentos; T\u00e9cnico em Laborat\u00f3rio &#8211; \u00c1rea Qu\u00edmica; T\u00e9cnico em Necr\u00f3psia e Anatomia; M\u00fasico \u2013 \u00c1rea Flauta Transversal; M\u00fasico \u2013 \u00c1rea Trompa.<\/p>\n","protected":false},"excerpt":{"rendered":"<p>A Universidade Federal da Para\u00edba (UFPB) divulgou na manh\u00e3 desta ter\u00e7a-feira (30) o resultado do concurso p\u00fablico com vagas para t\u00e9cnicos administrativos. A reitora Margareth&hellip; <\/p>\n","protected":false},"author":1,"featured_media":86174,"comment_status":"closed","ping_status":"closed","sticky":false,"template":"","format":"standard","meta":{"sfsi_plus_gutenberg_text_before_share":"","sfsi_plus_gutenberg_show_text_before_share":"","sfsi_plus_gutenberg_icon_type":"","sfsi_plus_gutenberg_icon_alignemt":"","sfsi_plus_gutenburg_max_per_row":"","footnotes":""},"categories":[14],"tags":[],"class_list":["post-93450","post","type-post","status-publish","format-standard","has-post-thumbnail","hentry","category-educacao"],"_links":{"self":[{"href":"https:\/\/www.caririemacao.com\/1\/wp-json\/wp\/v2\/posts\/93450","targetHints":{"allow":["GET"]}}],"collection":[{"href":"https:\/\/www.caririemacao.com\/1\/wp-json\/wp\/v2\/posts"}],"about":[{"href":"https:\/\/www.caririemacao.com\/1\/wp-json\/wp\/v2\/types\/post"}],"author":[{"embeddable":true,"href":"https:\/\/www.caririemacao.com\/1\/wp-json\/wp\/v2\/users\/1"}],"replies":[{"embeddable":true,"href":"https:\/\/www.caririemacao.com\/1\/wp-json\/wp\/v2\/comments?post=93450"}],"version-history":[{"count":1,"href":"https:\/\/www.caririemacao.com\/1\/wp-json\/wp\/v2\/posts\/93450\/revisions"}],"predecessor-version":[{"id":93451,"href":"https:\/\/www.caririemacao.com\/1\/wp-json\/wp\/v2\/posts\/93450\/revisions\/93451"}],"wp:featuredmedia":[{"embeddable":true,"href":"https:\/\/www.caririemacao.com\/1\/wp-json\/wp\/v2\/media\/86174"}],"wp:attachment":[{"href":"https:\/\/www.caririemacao.com\/1\/wp-json\/wp\/v2\/media?parent=93450"}],"wp:term":[{"taxonomy":"category","embeddable":true,"href":"https:\/\/www.caririemacao.com\/1\/wp-json\/wp\/v2\/categories?post=93450"},{"taxonomy":"post_tag","embeddable":true,"href":"https:\/\/www.caririemacao.com\/1\/wp-json\/wp\/v2\/tags?post=93450"}],"curies":[{"name":"wp","href":"https:\/\/api.w.org\/{rel}","templated":true}]}}