{"id":93454,"date":"2019-04-30T12:15:17","date_gmt":"2019-04-30T15:15:17","guid":{"rendered":"http:\/\/www.caririemacao.com\/1\/?p=93454"},"modified":"2019-04-30T12:15:17","modified_gmt":"2019-04-30T15:15:17","slug":"sisu-abre-inscricoes-para-instituicoes-publicas-de-ensino-no-dia-2","status":"publish","type":"post","link":"https:\/\/www.caririemacao.com\/1\/2019\/04\/30\/sisu-abre-inscricoes-para-instituicoes-publicas-de-ensino-no-dia-2\/","title":{"rendered":"Sisu abre inscri\u00e7\u00f5es para institui\u00e7\u00f5es p\u00fablicas de ensino no dia 2"},"content":{"rendered":"\n<p>As institui\u00e7\u00f5es p\u00fablicas de educa\u00e7\u00e3o superior que desejarem participar da edi\u00e7\u00e3o do segundo semestre de 2019 do Sistema de Sele\u00e7\u00e3o Unificada (Sisu) t\u00eam, a partir do dia 2 at\u00e9 o dia 10 de maio para formalizarem a ades\u00e3o. Esse processo \u00e9 feito na&nbsp;<a href=\"http:\/\/sisugestao.mec.gov.br\/\" target=\"_blank\" rel=\"noreferrer noopener\">p\u00e1gina de internet do Sisu Gest\u00e3o<\/a>.<\/p>\n\n\n\n<p>A formaliza\u00e7\u00e3o da ades\u00e3o das institui\u00e7\u00f5es ao processo seletivo do Sisu deve ser feita por meio de assinatura eletr\u00f4nica do termo de ades\u00e3o. O prazo para a retifica\u00e7\u00e3o do termo de ades\u00e3o ao Sisu, caso seja necess\u00e1ria, vai de 13 a 17 de maio. As regras est\u00e3o em&nbsp;<a href=\"http:\/\/www.in.gov.br\/web\/dou\/-\/edital-n%C2%BA-29-de-23-de-abril-de-2019sistema-de-sele%C3%87%C3%83o-unificada-sisuprocesso-seletivo-segunda-edi%C3%87%C3%83o-de-2019-85431828\" target=\"_blank\" rel=\"noreferrer noopener\">edital publicado no Di\u00e1rio Oficial da Uni\u00e3o<\/a>&nbsp;da \u00faltima sexta-feira (26).<\/p>\n\n\n\n<p>O Sisu \u00e9 o sistema informatizado do Minist\u00e9rio da Educa\u00e7\u00e3o onde institui\u00e7\u00f5es p\u00fablicas de ensino superior oferecem vagas a candidatos participantes do Exame Nacional do Ensino M\u00e9dio (Enem).<\/p>\n\n\n\n<p>Podem concorrer \u00e0s vagas do segundo semestre de 2019 os estudantes que fizeram o Enem 2018 e obtiveram nota acima de zero na prova de reda\u00e7\u00e3o. Os candidatos se inscrevem no processo seletivo em at\u00e9 duas op\u00e7\u00f5es de vaga, especificando, em ordem de prefer\u00eancia, as suas op\u00e7\u00f5es em institui\u00e7\u00e3o de educa\u00e7\u00e3o superior participante, com local de oferta, curso e turno, e a modalidade de concorr\u00eancia.<\/p>\n","protected":false},"excerpt":{"rendered":"<p>As institui\u00e7\u00f5es p\u00fablicas de educa\u00e7\u00e3o superior que desejarem participar da edi\u00e7\u00e3o do segundo semestre de 2019 do Sistema de Sele\u00e7\u00e3o Unificada (Sisu) t\u00eam, a partir&hellip; <\/p>\n","protected":false},"author":1,"featured_media":19699,"comment_status":"closed","ping_status":"closed","sticky":false,"template":"","format":"standard","meta":{"sfsi_plus_gutenberg_text_before_share":"","sfsi_plus_gutenberg_show_text_before_share":"","sfsi_plus_gutenberg_icon_type":"","sfsi_plus_gutenberg_icon_alignemt":"","sfsi_plus_gutenburg_max_per_row":"","footnotes":""},"categories":[50,14],"tags":[],"class_list":["post-93454","post","type-post","status-publish","format-standard","has-post-thumbnail","hentry","category-destaque","category-educacao"],"_links":{"self":[{"href":"https:\/\/www.caririemacao.com\/1\/wp-json\/wp\/v2\/posts\/93454","targetHints":{"allow":["GET"]}}],"collection":[{"href":"https:\/\/www.caririemacao.com\/1\/wp-json\/wp\/v2\/posts"}],"about":[{"href":"https:\/\/www.caririemacao.com\/1\/wp-json\/wp\/v2\/types\/post"}],"author":[{"embeddable":true,"href":"https:\/\/www.caririemacao.com\/1\/wp-json\/wp\/v2\/users\/1"}],"replies":[{"embeddable":true,"href":"https:\/\/www.caririemacao.com\/1\/wp-json\/wp\/v2\/comments?post=93454"}],"version-history":[{"count":1,"href":"https:\/\/www.caririemacao.com\/1\/wp-json\/wp\/v2\/posts\/93454\/revisions"}],"predecessor-version":[{"id":93455,"href":"https:\/\/www.caririemacao.com\/1\/wp-json\/wp\/v2\/posts\/93454\/revisions\/93455"}],"wp:featuredmedia":[{"embeddable":true,"href":"https:\/\/www.caririemacao.com\/1\/wp-json\/wp\/v2\/media\/19699"}],"wp:attachment":[{"href":"https:\/\/www.caririemacao.com\/1\/wp-json\/wp\/v2\/media?parent=93454"}],"wp:term":[{"taxonomy":"category","embeddable":true,"href":"https:\/\/www.caririemacao.com\/1\/wp-json\/wp\/v2\/categories?post=93454"},{"taxonomy":"post_tag","embeddable":true,"href":"https:\/\/www.caririemacao.com\/1\/wp-json\/wp\/v2\/tags?post=93454"}],"curies":[{"name":"wp","href":"https:\/\/api.w.org\/{rel}","templated":true}]}}