{"id":93458,"date":"2019-04-30T13:20:53","date_gmt":"2019-04-30T16:20:53","guid":{"rendered":"http:\/\/www.caririemacao.com\/1\/?p=93458"},"modified":"2019-04-30T13:20:53","modified_gmt":"2019-04-30T16:20:53","slug":"policia-prende-suspeito-de-estuprar-e-engravidar-a-propria-filha-na-paraiba","status":"publish","type":"post","link":"https:\/\/www.caririemacao.com\/1\/2019\/04\/30\/policia-prende-suspeito-de-estuprar-e-engravidar-a-propria-filha-na-paraiba\/","title":{"rendered":"Pol\u00edcia prende suspeito de estuprar e engravidar a pr\u00f3pria filha na Para\u00edba"},"content":{"rendered":"\n<p>Um homem foi preso, nessa segunda-feira (29), acusado de abusar sexualmente e engravidar a pr\u00f3pria filha, de apenas 13 anos.&nbsp;Ele estava sendo procurado pela Pol\u00edcia Civil&nbsp;h\u00e1 cerca de 15 dias e teve a pris\u00e3o preventiva decretada pela Justi\u00e7a, ap\u00f3s ser denunciado.<\/p>\n\n\n\n<p>O caso \u00e9 investigado pela Delegacia de Atendimento \u00e0 Mulher de Mamanguape. De acordo com a delegada Cristiane Medeiros, a v\u00edtima come\u00e7ou a sofrer os abusos sexuais quando tinha 11 anos de idade.<\/p>\n\n\n\n<p>\u201cEla chegou a engravidar do pr\u00f3prio pai e foi submetida a procedimento abortivo tendo em vista sua idade e tamb\u00e9m o fato da gravidez ter sido decorrente da viol\u00eancia. Assim que tomamos conhecimento do fato, representamos pela pris\u00e3o preventiva, que foi deferida pela Justi\u00e7a\u201d, declarou Cristiane.<\/p>\n\n\n\n<p>Ap\u00f3s a decreta\u00e7\u00e3o da pris\u00e3o preventiva, o suspeito se escondeu em uma \u00e1rea de canavial na regi\u00e3o de Mamanguape e permaneceu l\u00e1 por 15 dias.&nbsp;Diversas dilig\u00eancias foram feitas na localidade para prend\u00ea-lo, mas as buscas apenas tiveram \u00eaxito nessa segunda-feira.<\/p>\n\n\n\n<p>\u201cEst\u00e1vamos procurando esse acusado, mas sem obter \u00eaxito em virtude da \u00e1rea de canavial ser muito extensa. Mas ele foi capturado pela Pol\u00edcia Militar, que recebeu den\u00fancia an\u00f4nima com informa\u00e7\u00f5es sobre sua exata localiza\u00e7\u00e3o\u201d, afirmou a delegada.<\/p>\n","protected":false},"excerpt":{"rendered":"<p>Um homem foi preso, nessa segunda-feira (29), acusado de abusar sexualmente e engravidar a pr\u00f3pria filha, de apenas 13 anos.&nbsp;Ele estava sendo procurado pela Pol\u00edcia&hellip; <\/p>\n","protected":false},"author":1,"featured_media":41593,"comment_status":"closed","ping_status":"closed","sticky":false,"template":"","format":"standard","meta":{"sfsi_plus_gutenberg_text_before_share":"","sfsi_plus_gutenberg_show_text_before_share":"","sfsi_plus_gutenberg_icon_type":"","sfsi_plus_gutenberg_icon_alignemt":"","sfsi_plus_gutenburg_max_per_row":"","footnotes":""},"categories":[12],"tags":[],"class_list":["post-93458","post","type-post","status-publish","format-standard","has-post-thumbnail","hentry","category-policia"],"_links":{"self":[{"href":"https:\/\/www.caririemacao.com\/1\/wp-json\/wp\/v2\/posts\/93458","targetHints":{"allow":["GET"]}}],"collection":[{"href":"https:\/\/www.caririemacao.com\/1\/wp-json\/wp\/v2\/posts"}],"about":[{"href":"https:\/\/www.caririemacao.com\/1\/wp-json\/wp\/v2\/types\/post"}],"author":[{"embeddable":true,"href":"https:\/\/www.caririemacao.com\/1\/wp-json\/wp\/v2\/users\/1"}],"replies":[{"embeddable":true,"href":"https:\/\/www.caririemacao.com\/1\/wp-json\/wp\/v2\/comments?post=93458"}],"version-history":[{"count":1,"href":"https:\/\/www.caririemacao.com\/1\/wp-json\/wp\/v2\/posts\/93458\/revisions"}],"predecessor-version":[{"id":93459,"href":"https:\/\/www.caririemacao.com\/1\/wp-json\/wp\/v2\/posts\/93458\/revisions\/93459"}],"wp:featuredmedia":[{"embeddable":true,"href":"https:\/\/www.caririemacao.com\/1\/wp-json\/wp\/v2\/media\/41593"}],"wp:attachment":[{"href":"https:\/\/www.caririemacao.com\/1\/wp-json\/wp\/v2\/media?parent=93458"}],"wp:term":[{"taxonomy":"category","embeddable":true,"href":"https:\/\/www.caririemacao.com\/1\/wp-json\/wp\/v2\/categories?post=93458"},{"taxonomy":"post_tag","embeddable":true,"href":"https:\/\/www.caririemacao.com\/1\/wp-json\/wp\/v2\/tags?post=93458"}],"curies":[{"name":"wp","href":"https:\/\/api.w.org\/{rel}","templated":true}]}}