{"id":93461,"date":"2019-04-30T13:28:39","date_gmt":"2019-04-30T16:28:39","guid":{"rendered":"http:\/\/www.caririemacao.com\/1\/?p=93461"},"modified":"2019-04-30T13:28:39","modified_gmt":"2019-04-30T16:28:39","slug":"governo-autoriza-processo-seletivo-com-400-vagas-para-analista-censitario-do-ibge","status":"publish","type":"post","link":"https:\/\/www.caririemacao.com\/1\/2019\/04\/30\/governo-autoriza-processo-seletivo-com-400-vagas-para-analista-censitario-do-ibge\/","title":{"rendered":"Governo autoriza processo seletivo com 400 vagas para analista censit\u00e1rio do IBGE"},"content":{"rendered":"\n<p>O Minist\u00e9rio da Economia autorizou nesta ter\u00e7a-feira (30) a realiza\u00e7\u00e3o de processo seletivo simplificado para 400 vagas de analista censit\u00e1rio no Instituto Brasileiro de Geografia e Estat\u00edstica (IBGE). O cargo exige n\u00edvel superior de escolaridade.<\/p>\n\n\n\n<p>A contrata\u00e7\u00e3o \u00e9 por tempo determinado, para atender \u00e0 necessidade tempor\u00e1ria de excepcional interesse p\u00fablico.<\/p>\n\n\n\n<p>Os analistas censit\u00e1rios poder\u00e3o ser contratados a partir de setembro de 2019 para as etapas de planejamento, acompanhamento e suporte especializado relativas ao Censo Demogr\u00e1fico 2020. O prazo de dura\u00e7\u00e3o dos contratos ser\u00e1 de at\u00e9 1 ano, mas poder\u00e3o ser prorrogados, com base nas necessidades de conclus\u00e3o das atividades.<\/p>\n\n\n\n<p>O prazo para a publica\u00e7\u00e3o do edital de abertura de inscri\u00e7\u00f5es para o processo seletivo simplificado ser\u00e1 de at\u00e9 6 meses, contado a partir da publica\u00e7\u00e3o da portaria de hoje.<\/p>\n\n\n\n<p><strong>209 vagas autorizadas<\/strong><\/p>\n\n\n\n<p>No m\u00eas passado, outras 209 vagas foram autorizadas no \u00f3rg\u00e3o:<\/p>\n\n\n\n<ul class=\"wp-block-list\"><li>4 para agente censit\u00e1rio municipal (n\u00edvel m\u00e9dio)<\/li><li>25 para agente censit\u00e1rio supervisor (n\u00edvel m\u00e9dio)<\/li><li>180 para recenseador (n\u00edvel fundamental)<\/li><\/ul>\n\n\n\n<p>Neste m\u00eas, foi escolhida a banca organizadora do processo seletivo: o Instituto Brasileiro de Apoio e Desenvolvimento Executivo (Ibade).<\/p>\n\n\n\n<p>Os aprovados no processo seletivo simplificado atuar\u00e3o de forma tempor\u00e1ria no Censo Experimental 2019, pr\u00e9via do Censo Demogr\u00e1fico 2020, e ser\u00e3o contratados a partir de julho. O prazo de dura\u00e7\u00e3o dos contratos dever\u00e1 ser de at\u00e9 1 ano, com possibilidade de prorroga\u00e7\u00e3o. O edital de abertura deve ser publicado em at\u00e9 6 meses.<\/p>\n\n\n\n<p><strong>Censo enxuto<\/strong><\/p>\n\n\n\n<p>Neste m\u00eas, o IBGE anunciou que realizar\u00e1 um Censo &#8220;menos custoso\u201d em 2020. Para isso, revisa o or\u00e7amento da pesquisa a fim de reduzir em cerca de 25% os gastos inicialmente previstos. Todavia, que vai \u201cgarantir a qualidade\u201d do mapeamento \u201csem perda de informa\u00e7\u00e3o\u201d.<\/p>\n\n\n\n<p>O IBGE fala em ajuste de question\u00e1rios, eleger informa\u00e7\u00f5es fundamentais que devem ser pesquisadas no Censo e quais podem ser obtidas por outras pesquisas amostrais.<\/p>\n\n\n\n<p>Durante a cerim\u00f4nia de posse da nova presidente do IBGE, Susana Cordeiro Guerra, no dia 22 de fevereiro, o ministro da Economia Paulo Guedes, que a indicou, j\u00e1 havia adiantado o pedido de \u201csimplificar o Censo\u201d.<\/p>\n\n\n\n<p>Na ocasi\u00e3o, Guedes disse que o mapeamento da popula\u00e7\u00e3o brasileira precisa conter apenas o essencial em seu question\u00e1rio. &#8220;Porque o Censo de pa\u00edses ricos tem dez perguntas. O Censo brasileiro tem 150. E o Censo do Borundi tem 360 perguntas&#8221;, afirmou o ministro.<\/p>\n\n\n\n<p><strong>\u00daltimo concurso para o Censo<\/strong><\/p>\n\n\n\n<p>O \u00faltimo concurso para o Censo foi em 2009 e 2010 \u2013 191.972 vagas foram para recenseador, e outras 33.012 vagas foram para agente censit\u00e1rio administrativo, agente censit\u00e1rio de inform\u00e1tica, agente censit\u00e1rio municipal, agente censit\u00e1rio regional e agente censit\u00e1rio supervisor. Os candidatos a recenseador devem ter n\u00edvel fundamental, e para agente censit\u00e1rio \u00e9 exigido n\u00edvel m\u00e9dio de escolaridade.<\/p>\n\n\n\n<p><strong>Censo \u00e9 feito a cada 10 anos<\/strong><\/p>\n\n\n\n<p>Com periodicidade decenal, ou seja, realizado a cada 10 anos, o Censo Demogr\u00e1fico tem abrang\u00eancia nacional. Ele apresenta dados detalhados sobre a popula\u00e7\u00e3o brasileira, que s\u00e3o divulgados para Brasil, Grandes Regi\u00f5es, Unidades da Federa\u00e7\u00e3o, Mesorregi\u00f5es, Microrregi\u00f5es, Regi\u00f5es Metropolitanas, Munic\u00edpios, Distritos, Subdistritos e Setores Censit\u00e1rios.<\/p>\n\n\n\n<p>A \u00faltima edi\u00e7\u00e3o do Censo foi realizada em 2010. O IBGE estima que, desde ent\u00e3o, a popula\u00e7\u00e3o tenha aumentado em cerca de 10,4%.<\/p>\n","protected":false},"excerpt":{"rendered":"<p>O Minist\u00e9rio da Economia autorizou nesta ter\u00e7a-feira (30) a realiza\u00e7\u00e3o de processo seletivo simplificado para 400 vagas de analista censit\u00e1rio no Instituto Brasileiro de Geografia&hellip; <\/p>\n","protected":false},"author":1,"featured_media":93462,"comment_status":"closed","ping_status":"closed","sticky":false,"template":"","format":"standard","meta":{"sfsi_plus_gutenberg_text_before_share":"","sfsi_plus_gutenberg_show_text_before_share":"","sfsi_plus_gutenberg_icon_type":"","sfsi_plus_gutenberg_icon_alignemt":"","sfsi_plus_gutenburg_max_per_row":"","footnotes":""},"categories":[50,2],"tags":[],"class_list":["post-93461","post","type-post","status-publish","format-standard","has-post-thumbnail","hentry","category-destaque","category-geral"],"_links":{"self":[{"href":"https:\/\/www.caririemacao.com\/1\/wp-json\/wp\/v2\/posts\/93461","targetHints":{"allow":["GET"]}}],"collection":[{"href":"https:\/\/www.caririemacao.com\/1\/wp-json\/wp\/v2\/posts"}],"about":[{"href":"https:\/\/www.caririemacao.com\/1\/wp-json\/wp\/v2\/types\/post"}],"author":[{"embeddable":true,"href":"https:\/\/www.caririemacao.com\/1\/wp-json\/wp\/v2\/users\/1"}],"replies":[{"embeddable":true,"href":"https:\/\/www.caririemacao.com\/1\/wp-json\/wp\/v2\/comments?post=93461"}],"version-history":[{"count":1,"href":"https:\/\/www.caririemacao.com\/1\/wp-json\/wp\/v2\/posts\/93461\/revisions"}],"predecessor-version":[{"id":93463,"href":"https:\/\/www.caririemacao.com\/1\/wp-json\/wp\/v2\/posts\/93461\/revisions\/93463"}],"wp:featuredmedia":[{"embeddable":true,"href":"https:\/\/www.caririemacao.com\/1\/wp-json\/wp\/v2\/media\/93462"}],"wp:attachment":[{"href":"https:\/\/www.caririemacao.com\/1\/wp-json\/wp\/v2\/media?parent=93461"}],"wp:term":[{"taxonomy":"category","embeddable":true,"href":"https:\/\/www.caririemacao.com\/1\/wp-json\/wp\/v2\/categories?post=93461"},{"taxonomy":"post_tag","embeddable":true,"href":"https:\/\/www.caririemacao.com\/1\/wp-json\/wp\/v2\/tags?post=93461"}],"curies":[{"name":"wp","href":"https:\/\/api.w.org\/{rel}","templated":true}]}}