{"id":93466,"date":"2019-04-30T13:30:24","date_gmt":"2019-04-30T16:30:24","guid":{"rendered":"http:\/\/www.caririemacao.com\/1\/?p=93466"},"modified":"2019-04-30T13:30:24","modified_gmt":"2019-04-30T16:30:24","slug":"bolsonaro-se-solidariza-com-povo-venezuelano","status":"publish","type":"post","link":"https:\/\/www.caririemacao.com\/1\/2019\/04\/30\/bolsonaro-se-solidariza-com-povo-venezuelano\/","title":{"rendered":"Bolsonaro se solidariza com povo venezuelano"},"content":{"rendered":"\n<p>O presidente Jair Bolsonaro manifestou solidariedade com o povo venezuelano ap\u00f3s a crise desencadeada hoje (30) no pa\u00eds. Em sua conta no Twitter, o presidente disse que apoia a liberdade da Venezuela e desejou que os venezuelanos \u201cfinalmente vivam uma verdadeira democracia.\u201d<\/p>\n\n\n\n<p>Bolsonaro voltou a manifestar apoio \u00e0 sa\u00edda do presidente Nicol\u00e1s Maduro do poder. \u201cO Brasil acompanha com bastante aten\u00e7\u00e3o a situa\u00e7\u00e3o na Venezuela e reafirma o seu apoio na transi\u00e7\u00e3o democr\u00e1tica que se processa no pa\u00eds vizinho. O Brasil est\u00e1 ao lado do povo da Venezuela, do presidente Juan Guaid\u00f3 e da liberdade dos venezuelanos\u201d, escreveu.<\/p>\n\n\n\n<p>H\u00e1 relatos de confrontos entre manifestantes e for\u00e7as de seguran\u00e7a nas ruas da capital do pa\u00eds, Caracas, ap\u00f3s o autoproclamado presidente interino da Venezuela, Juan Guaid\u00f3, afirmar que tem o apoio dos militares para, segundo ele, conseguir &#8220;o fim definitivo da usurpa\u00e7\u00e3o&#8221; do governo de Nicol\u00e1s Maduro. A partir da divulga\u00e7\u00e3o do an\u00fancio de Guaid\u00f3 pelas redes sociais, milhares de venezuelanos contr\u00e1rios e favor\u00e1veis a Maduro tomaram as ruas de Caracas e de outras cidades venezuelanas.<\/p>\n\n\n\n<p>O governo brasileiro reconhece Guiad\u00f3 como presidente encarregado do pa\u00eds vizinho. O presidente Jair Bolsonaro se re\u00fane, no in\u00edcio desta tarde, com ministros de Estado e o vice-presidente Hamilton Mour\u00e3o, no Pal\u00e1cio do Planalto, para tratar da situa\u00e7\u00e3o da Venezuela.<\/p>\n","protected":false},"excerpt":{"rendered":"<p>O presidente Jair Bolsonaro manifestou solidariedade com o povo venezuelano ap\u00f3s a crise desencadeada hoje (30) no pa\u00eds. Em sua conta no Twitter, o presidente&hellip; <\/p>\n","protected":false},"author":1,"featured_media":93467,"comment_status":"closed","ping_status":"closed","sticky":false,"template":"","format":"standard","meta":{"sfsi_plus_gutenberg_text_before_share":"","sfsi_plus_gutenberg_show_text_before_share":"","sfsi_plus_gutenberg_icon_type":"","sfsi_plus_gutenberg_icon_alignemt":"","sfsi_plus_gutenburg_max_per_row":"","footnotes":""},"categories":[11],"tags":[],"class_list":["post-93466","post","type-post","status-publish","format-standard","has-post-thumbnail","hentry","category-politica"],"_links":{"self":[{"href":"https:\/\/www.caririemacao.com\/1\/wp-json\/wp\/v2\/posts\/93466","targetHints":{"allow":["GET"]}}],"collection":[{"href":"https:\/\/www.caririemacao.com\/1\/wp-json\/wp\/v2\/posts"}],"about":[{"href":"https:\/\/www.caririemacao.com\/1\/wp-json\/wp\/v2\/types\/post"}],"author":[{"embeddable":true,"href":"https:\/\/www.caririemacao.com\/1\/wp-json\/wp\/v2\/users\/1"}],"replies":[{"embeddable":true,"href":"https:\/\/www.caririemacao.com\/1\/wp-json\/wp\/v2\/comments?post=93466"}],"version-history":[{"count":1,"href":"https:\/\/www.caririemacao.com\/1\/wp-json\/wp\/v2\/posts\/93466\/revisions"}],"predecessor-version":[{"id":93468,"href":"https:\/\/www.caririemacao.com\/1\/wp-json\/wp\/v2\/posts\/93466\/revisions\/93468"}],"wp:featuredmedia":[{"embeddable":true,"href":"https:\/\/www.caririemacao.com\/1\/wp-json\/wp\/v2\/media\/93467"}],"wp:attachment":[{"href":"https:\/\/www.caririemacao.com\/1\/wp-json\/wp\/v2\/media?parent=93466"}],"wp:term":[{"taxonomy":"category","embeddable":true,"href":"https:\/\/www.caririemacao.com\/1\/wp-json\/wp\/v2\/categories?post=93466"},{"taxonomy":"post_tag","embeddable":true,"href":"https:\/\/www.caririemacao.com\/1\/wp-json\/wp\/v2\/tags?post=93466"}],"curies":[{"name":"wp","href":"https:\/\/api.w.org\/{rel}","templated":true}]}}