{"id":93471,"date":"2019-04-30T13:34:16","date_gmt":"2019-04-30T16:34:16","guid":{"rendered":"http:\/\/www.caririemacao.com\/1\/?p=93471"},"modified":"2019-04-30T13:34:16","modified_gmt":"2019-04-30T16:34:16","slug":"deputados-paraibanos-debatem-educacao-nesta-terca","status":"publish","type":"post","link":"https:\/\/www.caririemacao.com\/1\/2019\/04\/30\/deputados-paraibanos-debatem-educacao-nesta-terca\/","title":{"rendered":"Deputados paraibanos debatem educa\u00e7\u00e3o nesta ter\u00e7a"},"content":{"rendered":"\n<p>A Assembleia Legislativa da Para\u00edba (ALPB) realizar\u00e1, nesta ter\u00e7a-feira (30), uma sess\u00e3o especial, que reunir\u00e1 deputados, prefeitos, vereadores, professores, autoridades e representantes da sociedade civil organizada de diversos munic\u00edpios paraibanos, para debater as novas alternativas em educa\u00e7\u00e3o no estado.<\/p>\n\n\n\n<p>A sess\u00e3o, proposta pelo deputado Chi\u00f3 (REDE), acontecer\u00e1 no Plen\u00e1rio Jos\u00e9 Mariz, a partir das 09h00, e ter\u00e1 representantes de Jo\u00e3o Pessoa, Picu\u00ed, Bananeiras, Conde, Pedras de Fogo e Rem\u00edgio, entre outros munic\u00edpios. O Dia Mundial da Educa\u00e7\u00e3o, celebrado em 28 de abril, tamb\u00e9m ser\u00e1 comemorado durante a solenidade.<\/p>\n\n\n\n<p>De acordo com o&nbsp;<\/p>\n","protected":false},"excerpt":{"rendered":"<p>A Assembleia Legislativa da Para\u00edba (ALPB) realizar\u00e1, nesta ter\u00e7a-feira (30), uma sess\u00e3o especial, que reunir\u00e1 deputados, prefeitos, vereadores, professores, autoridades e representantes da sociedade civil&hellip; <\/p>\n","protected":false},"author":1,"featured_media":88079,"comment_status":"closed","ping_status":"closed","sticky":false,"template":"","format":"standard","meta":{"sfsi_plus_gutenberg_text_before_share":"","sfsi_plus_gutenberg_show_text_before_share":"","sfsi_plus_gutenberg_icon_type":"","sfsi_plus_gutenberg_icon_alignemt":"","sfsi_plus_gutenburg_max_per_row":"","footnotes":""},"categories":[11],"tags":[],"class_list":["post-93471","post","type-post","status-publish","format-standard","has-post-thumbnail","hentry","category-politica"],"_links":{"self":[{"href":"https:\/\/www.caririemacao.com\/1\/wp-json\/wp\/v2\/posts\/93471","targetHints":{"allow":["GET"]}}],"collection":[{"href":"https:\/\/www.caririemacao.com\/1\/wp-json\/wp\/v2\/posts"}],"about":[{"href":"https:\/\/www.caririemacao.com\/1\/wp-json\/wp\/v2\/types\/post"}],"author":[{"embeddable":true,"href":"https:\/\/www.caririemacao.com\/1\/wp-json\/wp\/v2\/users\/1"}],"replies":[{"embeddable":true,"href":"https:\/\/www.caririemacao.com\/1\/wp-json\/wp\/v2\/comments?post=93471"}],"version-history":[{"count":1,"href":"https:\/\/www.caririemacao.com\/1\/wp-json\/wp\/v2\/posts\/93471\/revisions"}],"predecessor-version":[{"id":93472,"href":"https:\/\/www.caririemacao.com\/1\/wp-json\/wp\/v2\/posts\/93471\/revisions\/93472"}],"wp:featuredmedia":[{"embeddable":true,"href":"https:\/\/www.caririemacao.com\/1\/wp-json\/wp\/v2\/media\/88079"}],"wp:attachment":[{"href":"https:\/\/www.caririemacao.com\/1\/wp-json\/wp\/v2\/media?parent=93471"}],"wp:term":[{"taxonomy":"category","embeddable":true,"href":"https:\/\/www.caririemacao.com\/1\/wp-json\/wp\/v2\/categories?post=93471"},{"taxonomy":"post_tag","embeddable":true,"href":"https:\/\/www.caririemacao.com\/1\/wp-json\/wp\/v2\/tags?post=93471"}],"curies":[{"name":"wp","href":"https:\/\/api.w.org\/{rel}","templated":true}]}}