{"id":93481,"date":"2019-04-30T14:02:38","date_gmt":"2019-04-30T17:02:38","guid":{"rendered":"http:\/\/www.caririemacao.com\/1\/?p=93481"},"modified":"2019-04-30T14:02:38","modified_gmt":"2019-04-30T17:02:38","slug":"vigilancia-em-saude-pede-colaboracao-da-populacao-na-luta-contra-o-mosquito-aedes-aegypti","status":"publish","type":"post","link":"https:\/\/www.caririemacao.com\/1\/2019\/04\/30\/vigilancia-em-saude-pede-colaboracao-da-populacao-na-luta-contra-o-mosquito-aedes-aegypti\/","title":{"rendered":"Vigil\u00e2ncia em Sa\u00fade pede colabora\u00e7\u00e3o da popula\u00e7\u00e3o na luta contra o mosquito Aedes aegypti"},"content":{"rendered":"\n<p>Com chuvas repentinas, algumas delas com uma grande precipita\u00e7\u00e3o, o munic\u00edpio de Monteiro segue com o outono favor\u00e1vel, por\u00e9m, com uma grande preocupa\u00e7\u00e3o: focos de mosquitos da dengue.<br>\nA chegada do per\u00edodo das chuvas preocupa a Vigil\u00e2ncia em Sa\u00fade e Agentes de Combate a Endemias para a maior incid\u00eancia de focos do mosquito Aedes aegypti nos im\u00f3veis vazios. As casas desocupadas aumentam as condi\u00e7\u00f5es de transmiss\u00e3o de doen\u00e7as como dengue, zika v\u00edrus e chikungunya, por falta de coopera\u00e7\u00e3o dos donos, muitos locais ficam sem avalia\u00e7\u00e3o.<br>\n&#8220;N\u00f3s estamos com ACSs na rua diariamente. A popula\u00e7\u00e3o precisa entrar nessa guerra, at\u00e9 porque agora n\u00f3s n\u00e3o lidamos apenas com a dengue&#8221;, afirma Silvana Silva, diretora da Vigil\u00e2ncia em Sa\u00fade. <br>\nPor outro lado, as equipes se colocam ao dispor dos monteirenses para receber den\u00fancias e atuar nas casas colocadas \u00e0 venda ou loca\u00e7\u00e3o. <br>\nIm\u00f3veis fechados<br>\nA diretora afirma que o tempo necess\u00e1rio para concluir as vistorias de rotina da Prefeitura quase dobra devido aos im\u00f3veis fechados. <br>\nA recomenda\u00e7\u00e3o da Vigil\u00e2ncia \u00e9 de que ralos externos e internos estejam vedados e que vasos sanit\u00e1rios estejam tratados com sal. Al\u00e9m disso, a manuten\u00e7\u00e3o das calhas deve estar em dia. &#8220;Qualquer objeto que possa acumular \u00e1gua \u00e9 um criadouro em potencial para o mosquito&#8221;, afirma Silvana. <br>\nDen\u00fancias<br>\nPara denunciar poss\u00edveis focos do mosquito o monteirense pode ligar para a Vigil\u00e2ncia em Sa\u00fade no n\u00famero 3351- 1569 ou atrav\u00e9s da Ouvidoria Municipal pelo 0800 095 1553.<\/p>\n","protected":false},"excerpt":{"rendered":"<p>Com chuvas repentinas, algumas delas com uma grande precipita\u00e7\u00e3o, o munic\u00edpio de Monteiro segue com o outono favor\u00e1vel, por\u00e9m, com uma grande preocupa\u00e7\u00e3o: focos de&hellip; <\/p>\n","protected":false},"author":1,"featured_media":93482,"comment_status":"closed","ping_status":"closed","sticky":false,"template":"","format":"standard","meta":{"sfsi_plus_gutenberg_text_before_share":"","sfsi_plus_gutenberg_show_text_before_share":"","sfsi_plus_gutenberg_icon_type":"","sfsi_plus_gutenberg_icon_alignemt":"","sfsi_plus_gutenburg_max_per_row":"","footnotes":""},"categories":[16],"tags":[],"class_list":["post-93481","post","type-post","status-publish","format-standard","has-post-thumbnail","hentry","category-saude"],"_links":{"self":[{"href":"https:\/\/www.caririemacao.com\/1\/wp-json\/wp\/v2\/posts\/93481","targetHints":{"allow":["GET"]}}],"collection":[{"href":"https:\/\/www.caririemacao.com\/1\/wp-json\/wp\/v2\/posts"}],"about":[{"href":"https:\/\/www.caririemacao.com\/1\/wp-json\/wp\/v2\/types\/post"}],"author":[{"embeddable":true,"href":"https:\/\/www.caririemacao.com\/1\/wp-json\/wp\/v2\/users\/1"}],"replies":[{"embeddable":true,"href":"https:\/\/www.caririemacao.com\/1\/wp-json\/wp\/v2\/comments?post=93481"}],"version-history":[{"count":1,"href":"https:\/\/www.caririemacao.com\/1\/wp-json\/wp\/v2\/posts\/93481\/revisions"}],"predecessor-version":[{"id":93483,"href":"https:\/\/www.caririemacao.com\/1\/wp-json\/wp\/v2\/posts\/93481\/revisions\/93483"}],"wp:featuredmedia":[{"embeddable":true,"href":"https:\/\/www.caririemacao.com\/1\/wp-json\/wp\/v2\/media\/93482"}],"wp:attachment":[{"href":"https:\/\/www.caririemacao.com\/1\/wp-json\/wp\/v2\/media?parent=93481"}],"wp:term":[{"taxonomy":"category","embeddable":true,"href":"https:\/\/www.caririemacao.com\/1\/wp-json\/wp\/v2\/categories?post=93481"},{"taxonomy":"post_tag","embeddable":true,"href":"https:\/\/www.caririemacao.com\/1\/wp-json\/wp\/v2\/tags?post=93481"}],"curies":[{"name":"wp","href":"https:\/\/api.w.org\/{rel}","templated":true}]}}