{"id":93486,"date":"2019-04-30T14:06:06","date_gmt":"2019-04-30T17:06:06","guid":{"rendered":"http:\/\/www.caririemacao.com\/1\/?p=93486"},"modified":"2019-04-30T14:06:06","modified_gmt":"2019-04-30T17:06:06","slug":"sume-sedia-ix-festival-do-umbu-a-partir-desta-quinta-feira","status":"publish","type":"post","link":"https:\/\/www.caririemacao.com\/1\/2019\/04\/30\/sume-sedia-ix-festival-do-umbu-a-partir-desta-quinta-feira\/","title":{"rendered":"Sum\u00e9 sedia IX Festival do Umbu a partir desta quinta-feira"},"content":{"rendered":"\n<p>De 02 a 06 de maio, a Secretaria Municipal de Educa\u00e7\u00e3o e a Escola Agrot\u00e9cnica de Sum\u00e9 realizam mais uma edi\u00e7\u00e3o do Festival do Umbu, juntamente com entidades parceiras e comunidade local.<\/p>\n\n\n\n<p>Com vasta programa\u00e7\u00e3o que conta com atividades culturais, palestras, oficinas e minicursos, exposi\u00e7\u00e3o e venda dos derivados do umbu.<\/p>\n\n\n\n<p>De acordo com o IBGE, Sum\u00e9 faz parte dos 30 maiores produtores de umbu do Estado da Para\u00edba e est\u00e1 entre os 350 munic\u00edpios que mais produzem o fruto no Pa\u00eds.<\/p>\n\n\n\n<p>Para a diretora da Escola Agrot\u00e9cnica, Raquel Batista, o evento \u00e9 importante para a avalia\u00e7\u00e3o das a\u00e7\u00f5es que est\u00e3o sendo feitas a cerca do umbuzeiro e um momento para se tra\u00e7ar as novas estrat\u00e9gias e a\u00e7\u00f5es vinculadas ao seu desenvolvimento.<\/p>\n\n\n\n<p>Ela explica que o evento vem desde 2011 contribuindo com a conserva\u00e7\u00e3o do umbuzeiro e aumentado a participa\u00e7\u00e3o de parceiros de em todas as edi\u00e7\u00f5es.<\/p>\n\n\n\n<p>Este ano conta com o apoio do Governo da Para\u00edba\/EMPAER, INSA, CDSA\/UFCG, UFPB e Agendha.<\/p>\n\n\n\n<p>Confira a programa\u00e7\u00e3o das atividades e dos minicursos:<\/p>\n\n\n\n<table class=\"wp-block-table\"><tbody><tr><td><strong>&nbsp;<\/strong><strong>&nbsp;&nbsp;&nbsp;&nbsp;&nbsp;&nbsp;&nbsp;&nbsp;&nbsp;&nbsp;&nbsp;&nbsp;&nbsp;&nbsp;&nbsp;&nbsp;&nbsp;&nbsp; Quinta-feira &#8211; 02\/05 &#8211; Escola Agrot\u00e9cnica de Sum\u00e9 &#8211; MANH\u00c3<\/strong><strong><\/strong><\/td><\/tr><tr><td><strong>Hor\u00e1rio<\/strong><strong><\/strong><\/td><td><strong>Atividades<\/strong><\/td><\/tr><tr><td><strong>07h300min<\/strong><strong><\/strong><\/td><td><strong>Abertura (Hino Nacional e do Munic\u00edpio)<\/strong><\/td><\/tr><tr><td><strong>08h00min<\/strong><strong><\/strong><\/td><td><strong>M\u00edstica de abertura<\/strong><\/td><\/tr><tr><td><strong>08h40min<\/strong><strong><\/strong><\/td><td><strong>Apresenta\u00e7\u00f5es culturais com os alunos da escola Agrot\u00e9cnica<\/strong><\/td><\/tr><tr><td><strong>09h00min<\/strong><strong><\/strong><\/td><td><strong>Palestra \u201cImbuzeiros de Sum\u00e9\u201d com o Dr. Daniel Duarte<\/strong><\/td><\/tr><tr><td><strong>10h00min<\/strong><strong><\/strong><\/td><td><strong>Lanche<\/strong><\/td><\/tr><tr><td><a><strong>10h00min<\/strong><\/a><strong><\/strong><\/td><td><strong>Exposi\u00e7\u00e3o e vendas de produtos derivados do Umbu<\/strong><\/td><\/tr><tr><td><strong>10h00min<\/strong><strong><\/strong><\/td><td><strong>Gincanas culturais e escolha da Garota e garoto Umbu<\/strong><\/td><\/tr><tr><td><strong>10h30min<\/strong><\/td><td><strong>Exposi\u00e7\u00e3o de trabalhos nas salas tem\u00e1ticas<\/strong><\/td><\/tr><tr><td><strong>11h15min<\/strong><\/td><td><strong>Teatrinho do Solo e roda de conversa com a professora Dra. Adriana Meira<\/strong><\/td><\/tr><tr><td><strong>&nbsp;<\/strong><strong>&nbsp;&nbsp;&nbsp;&nbsp;&nbsp;&nbsp;&nbsp;&nbsp;&nbsp;&nbsp;&nbsp;&nbsp;&nbsp;&nbsp;&nbsp;&nbsp;&nbsp;&nbsp;&nbsp; Quinta-feira &#8211; 02\/05 &#8211; Escola Agrot\u00e9cnica de Sum\u00e9 &#8211; TARDE<\/strong><strong><\/strong><strong>&nbsp;<\/strong><\/td><\/tr><tr><td><strong>13h30min<\/strong><\/td><td><strong>Apresenta\u00e7\u00f5es culturais<\/strong><\/td><\/tr><tr><td><strong>14h00min<\/strong><\/td><td><strong>Palestra: \u201cEntre imbuzeiros e Quixabeiras: o conhecimento local na constru\u00e7\u00e3o agroecol\u00f3gica\u201d com Msc.&nbsp; Jos\u00e9 Romerio<\/strong><\/td><\/tr><tr><td><strong>15h00min<\/strong><\/td><td><strong>Lanche<\/strong><\/td><\/tr><tr><td><strong>15h00min<\/strong><\/td><td><strong>Exposi\u00e7\u00e3o e vendas de produtos derivados do Umbu<\/strong><\/td><\/tr><tr><td><strong>15h30min<\/strong><\/td><td><strong>Exposi\u00e7\u00e3o de trabalhos nas salas tem\u00e1ticas<\/strong><\/td><\/tr><tr><td><strong>16h00min<\/strong><\/td><td><strong>Teatrinho do solo e roda de conversa com a professora Dra. Adriana Meira<\/strong><\/td><\/tr><tr><td><strong>&nbsp;<\/strong><strong>&nbsp;&nbsp;&nbsp;&nbsp;&nbsp;&nbsp;&nbsp;&nbsp;&nbsp;&nbsp;&nbsp;&nbsp;&nbsp;&nbsp;&nbsp;&nbsp;&nbsp;&nbsp; Sexta-feira \u2013 03\/05 \u2013 Escola Jos\u00e9 Bonif\u00e1cio no PIO X- MANH\u00c3<\/strong><strong><\/strong><strong>&nbsp;<\/strong><\/td><\/tr><tr><td><strong>07h30min<\/strong><\/td><td><strong>Acolhimento<\/strong><\/td><\/tr><tr><td><strong>08h00min<\/strong><\/td><td><strong>Apresenta\u00e7\u00e3o da Banda de P\u00edfano do PIO X<\/strong><\/td><\/tr><tr><td><strong>09h00min<\/strong><\/td><td><strong>Palestra: \u201cNa Bananeira d\u00e1 Imbu?\u201d com o Dr. Daniel Duarte<\/strong><\/td><\/tr><tr><td><strong>10h00min<\/strong><\/td><td><strong>Visita ao campo (experimento da escola)<\/strong><\/td><\/tr><tr><td><strong>&nbsp;&nbsp;&nbsp;&nbsp;&nbsp;&nbsp;&nbsp;&nbsp;&nbsp;&nbsp;&nbsp;&nbsp;&nbsp;&nbsp;&nbsp;&nbsp;&nbsp;&nbsp;&nbsp; Sexta-feira \u2013 04\/05 \u2013 Escola Agrot\u00e9cnica de Sum\u00e9 &#8211; TARDE<\/strong><\/td><\/tr><tr><td><strong>13h30min<\/strong><\/td><td><strong>Minicursos e oficinas<\/strong><\/td><\/tr><tr><td><strong>15h30min<\/strong><\/td><td><strong>Lanche<\/strong><\/td><\/tr><tr><td><strong>15h30min<\/strong><\/td><td><strong>Exposi\u00e7\u00e3o e vendas de produtos derivados do Umbu<\/strong><\/td><\/tr><tr><td><strong>16h00min<\/strong><\/td><td><strong>Gincanas Culturais<\/strong><\/td><\/tr><tr><td><strong>16h30min<\/strong><\/td><td><strong>Concurso de culin\u00e1ria<\/strong><\/td><\/tr><tr><td><strong>17h00min<\/strong><\/td><td><strong>Exposi\u00e7\u00e3o de trabalhos nas salas tem\u00e1ticas<\/strong><\/td><\/tr><tr><td><strong>&nbsp;&nbsp;&nbsp;&nbsp;&nbsp;&nbsp;&nbsp;&nbsp;&nbsp;&nbsp;<\/strong><strong>&nbsp;&nbsp;&nbsp;&nbsp;&nbsp;&nbsp;&nbsp;&nbsp;&nbsp;&nbsp;&nbsp;&nbsp;&nbsp;&nbsp;&nbsp;&nbsp;&nbsp;&nbsp;&nbsp; Sexta-feira \u2013 04\/05 \u2013 Pra\u00e7a Jos\u00e9 Am\u00e9rico \u2013 NOITE<\/strong><strong><\/strong><strong>&nbsp;<\/strong><\/td><\/tr><tr><td><strong>19h00min<\/strong><\/td><td><strong>Exposi\u00e7\u00e3o e vendas de produtos derivados do Umbu<\/strong><\/td><\/tr><tr><td><strong>19h30min<\/strong><\/td><td><strong>Violeiros Evaldo Severino e Evaldo filho<\/strong><\/td><\/tr><tr><td><strong>21h00min<\/strong><\/td><td><strong>Forr\u00f3 com Gabriel do Acordeom<\/strong><\/td><\/tr><tr><td><strong>&nbsp;&nbsp;&nbsp;&nbsp;&nbsp;<\/strong><strong>&nbsp;&nbsp;&nbsp;&nbsp;&nbsp;&nbsp;&nbsp;&nbsp;&nbsp;&nbsp;&nbsp;&nbsp;&nbsp;&nbsp;&nbsp;&nbsp;&nbsp;&nbsp;&nbsp; Segunda-feira \u2013 06\/05 \u2013 Mercado P\u00fablico \u2013 MANH\u00c3 das 07h \u00e0s 11h<\/strong><strong>&nbsp;<\/strong><\/td><\/tr><tr><td><strong>Exposi\u00e7\u00e3o e vendas de produtos derivados do Umbu<\/strong><strong>Forr\u00f3 p\u00e9 de serra<\/strong><strong>Participa\u00e7\u00e3o de t\u00e9cnicos da EMPAER<\/strong><\/td><\/tr><\/tbody><\/table>\n\n\n\n<p><strong>Programa\u00e7\u00e3o das Oficinas e Minicursos do IX Festival do Umbu<\/strong><\/p>\n\n\n\n<p><strong>Local:&nbsp;<\/strong>Escola Agrot\u00e9cnica de Sum\u00e9<\/p>\n\n\n\n<p><strong>Data:<\/strong>03\/05\/2019<\/p>\n\n\n\n<p><strong>Hor\u00e1rio:&nbsp;<\/strong>13:30h<\/p>\n\n\n\n<p><strong>Oficinas:<\/strong><\/p>\n\n\n\n<p>1. A IMPORT\u00c2NCIA DAS ESTAT\u00cdSTICAS AGROPECU\u00c1RIAS PARA CADEIA PRODUTIVA DO UMBUZEIRO.<\/p>\n\n\n\n<p>Ministrante: Msc. Daniel Vilar da Silva \u2013 Agente de pesquisas e mapeamento &#8211; IBGE<\/p>\n\n\n\n<p>2. EXPERI\u00caNCIAS DA ASSOCIA\u00c7\u00c3O CARIMBU: DA PRESERVA\u00c7\u00c3O AMBIENTAL \u00c0 COMERCIALIZA\u00c7\u00c3O.<\/p>\n\n\n\n<p>Ministrantes: Membros da CARIMBU<\/p>\n\n\n\n<p><strong>Minicursos<\/strong><\/p>\n\n\n\n<p>1. PR\u00c1TICAS E T\u00c9CNICAS DE ADUBA\u00c7\u00c3O DO UMBUZEIRO.<\/p>\n\n\n\n<p>Ministrante: Professora Dra. Adriana de F\u00e1tima Meira Vital \u2013 UFCG-CDSA-LASOL<\/p>\n\n\n\n<p>2. PR\u00c1TICAS E T\u00c9CNICAS DE REPRODU\u00c7\u00c3O DO UMBUZEIRO.<\/p>\n\n\n\n<p>Ministrante: Professor Dr. Andr\u00e9 Aires de Farias \u2013 Escola Agrot\u00e9cnica de Sum\u00e9<\/p>\n\n\n\n<p>3. PR\u00c1TICAS E T\u00c9CNICAS SUSTENT\u00c1VEIS DE PRODU\u00c7\u00c3O DE DERIVADOS DOS XIL\u00d3PODIOS (BATATA) DO UMBUZEIRO.<\/p>\n\n\n\n<p>Ministrante: Professor Tecn\u00f3logo em Agroecologia &#8211; Escola Agrot\u00e9cnica de Sum\u00e9<\/p>\n\n\n\n<p>4. PR\u00c1TICAS E T\u00c9CNICAS DE BENEFICIAMENTO E PROCESSAMENTO DE DERIVADOS DO UMBU.<\/p>\n\n\n\n<p>Ministrante: Professora Dra. Ana Cristina Chacon Lisboa &#8211; UFCG-CDSA-LTA<\/p>\n\n\n\n<p>Ascom PMS<\/p>\n","protected":false},"excerpt":{"rendered":"<p>De 02 a 06 de maio, a Secretaria Municipal de Educa\u00e7\u00e3o e a Escola Agrot\u00e9cnica de Sum\u00e9 realizam mais uma edi\u00e7\u00e3o do Festival do Umbu,&hellip; <\/p>\n","protected":false},"author":1,"featured_media":93488,"comment_status":"closed","ping_status":"closed","sticky":false,"template":"","format":"standard","meta":{"sfsi_plus_gutenberg_text_before_share":"","sfsi_plus_gutenberg_show_text_before_share":"","sfsi_plus_gutenberg_icon_type":"","sfsi_plus_gutenberg_icon_alignemt":"","sfsi_plus_gutenburg_max_per_row":"","footnotes":""},"categories":[2],"tags":[],"class_list":["post-93486","post","type-post","status-publish","format-standard","has-post-thumbnail","hentry","category-geral"],"_links":{"self":[{"href":"https:\/\/www.caririemacao.com\/1\/wp-json\/wp\/v2\/posts\/93486","targetHints":{"allow":["GET"]}}],"collection":[{"href":"https:\/\/www.caririemacao.com\/1\/wp-json\/wp\/v2\/posts"}],"about":[{"href":"https:\/\/www.caririemacao.com\/1\/wp-json\/wp\/v2\/types\/post"}],"author":[{"embeddable":true,"href":"https:\/\/www.caririemacao.com\/1\/wp-json\/wp\/v2\/users\/1"}],"replies":[{"embeddable":true,"href":"https:\/\/www.caririemacao.com\/1\/wp-json\/wp\/v2\/comments?post=93486"}],"version-history":[{"count":1,"href":"https:\/\/www.caririemacao.com\/1\/wp-json\/wp\/v2\/posts\/93486\/revisions"}],"predecessor-version":[{"id":93489,"href":"https:\/\/www.caririemacao.com\/1\/wp-json\/wp\/v2\/posts\/93486\/revisions\/93489"}],"wp:featuredmedia":[{"embeddable":true,"href":"https:\/\/www.caririemacao.com\/1\/wp-json\/wp\/v2\/media\/93488"}],"wp:attachment":[{"href":"https:\/\/www.caririemacao.com\/1\/wp-json\/wp\/v2\/media?parent=93486"}],"wp:term":[{"taxonomy":"category","embeddable":true,"href":"https:\/\/www.caririemacao.com\/1\/wp-json\/wp\/v2\/categories?post=93486"},{"taxonomy":"post_tag","embeddable":true,"href":"https:\/\/www.caririemacao.com\/1\/wp-json\/wp\/v2\/tags?post=93486"}],"curies":[{"name":"wp","href":"https:\/\/api.w.org\/{rel}","templated":true}]}}