{"id":93492,"date":"2019-04-30T14:10:09","date_gmt":"2019-04-30T17:10:09","guid":{"rendered":"http:\/\/www.caririemacao.com\/1\/?p=93492"},"modified":"2019-04-30T14:10:09","modified_gmt":"2019-04-30T17:10:09","slug":"zuckerberg-anunciara-novidades-para-facebook-whatsapp-e-instagram","status":"publish","type":"post","link":"https:\/\/www.caririemacao.com\/1\/2019\/04\/30\/zuckerberg-anunciara-novidades-para-facebook-whatsapp-e-instagram\/","title":{"rendered":"Zuckerberg anunciar\u00e1 novidades para Facebook, WhatsApp e Instagram"},"content":{"rendered":"\n<p>O dono do Facebook, Mark Zuckerberg, far\u00e1 a palestra de abertura da F8, confer\u00eancia anual da rede social voltado para profissionais de tecnologia, \u00e0s 14h (hor\u00e1rio de Bras\u00edlia), no McEnery Convention Center, em San Jos\u00e9, na Calif\u00f3rnia.<\/p>\n\n\n\n<p>O palco do evento costuma ser usado para antecipar alguns planos e apostas da empresa para os pr\u00f3ximos meses. A expectativa \u00e9 que sejam anunciadas novidades para Facebook, WhatsApp e Instagram.<\/p>\n\n\n\n<p>O evento come\u00e7a nesta ter\u00e7a-feira (30) e vai at\u00e9 quarta-feira (1\u00ba). Ser\u00e1 poss\u00edvel assistir \u00e0 transmiss\u00e3o ao vivo das palestras, inclusive de Zuckerberg, pela p\u00e1gina oficial da F8.com.<\/p>\n\n\n\n<p>No ano passado, a empresa an\u00fancio chamadas de v\u00eddeo para o Instagram, e chamadas de v\u00eddeo em grupo para o WhatsApp. A rede social tamb\u00e9m prometeu um aplicativo de relacionamento, mas o plano foi concretizado.<\/p>\n","protected":false},"excerpt":{"rendered":"<p>O dono do Facebook, Mark Zuckerberg, far\u00e1 a palestra de abertura da F8, confer\u00eancia anual da rede social voltado para profissionais de tecnologia, \u00e0s 14h&hellip; <\/p>\n","protected":false},"author":1,"featured_media":93493,"comment_status":"closed","ping_status":"closed","sticky":false,"template":"","format":"standard","meta":{"sfsi_plus_gutenberg_text_before_share":"","sfsi_plus_gutenberg_show_text_before_share":"","sfsi_plus_gutenberg_icon_type":"","sfsi_plus_gutenberg_icon_alignemt":"","sfsi_plus_gutenburg_max_per_row":"","footnotes":""},"categories":[11],"tags":[],"class_list":["post-93492","post","type-post","status-publish","format-standard","has-post-thumbnail","hentry","category-politica"],"_links":{"self":[{"href":"https:\/\/www.caririemacao.com\/1\/wp-json\/wp\/v2\/posts\/93492","targetHints":{"allow":["GET"]}}],"collection":[{"href":"https:\/\/www.caririemacao.com\/1\/wp-json\/wp\/v2\/posts"}],"about":[{"href":"https:\/\/www.caririemacao.com\/1\/wp-json\/wp\/v2\/types\/post"}],"author":[{"embeddable":true,"href":"https:\/\/www.caririemacao.com\/1\/wp-json\/wp\/v2\/users\/1"}],"replies":[{"embeddable":true,"href":"https:\/\/www.caririemacao.com\/1\/wp-json\/wp\/v2\/comments?post=93492"}],"version-history":[{"count":1,"href":"https:\/\/www.caririemacao.com\/1\/wp-json\/wp\/v2\/posts\/93492\/revisions"}],"predecessor-version":[{"id":93494,"href":"https:\/\/www.caririemacao.com\/1\/wp-json\/wp\/v2\/posts\/93492\/revisions\/93494"}],"wp:featuredmedia":[{"embeddable":true,"href":"https:\/\/www.caririemacao.com\/1\/wp-json\/wp\/v2\/media\/93493"}],"wp:attachment":[{"href":"https:\/\/www.caririemacao.com\/1\/wp-json\/wp\/v2\/media?parent=93492"}],"wp:term":[{"taxonomy":"category","embeddable":true,"href":"https:\/\/www.caririemacao.com\/1\/wp-json\/wp\/v2\/categories?post=93492"},{"taxonomy":"post_tag","embeddable":true,"href":"https:\/\/www.caririemacao.com\/1\/wp-json\/wp\/v2\/tags?post=93492"}],"curies":[{"name":"wp","href":"https:\/\/api.w.org\/{rel}","templated":true}]}}