{"id":93509,"date":"2019-04-30T14:49:37","date_gmt":"2019-04-30T17:49:37","guid":{"rendered":"http:\/\/www.caririemacao.com\/1\/?p=93509"},"modified":"2019-04-30T14:49:37","modified_gmt":"2019-04-30T17:49:37","slug":"prefeitura-de-sao-sebastiao-do-umbuzeiro-realiza-preparatoria-para-o-o-d-e","status":"publish","type":"post","link":"https:\/\/www.caririemacao.com\/1\/2019\/04\/30\/prefeitura-de-sao-sebastiao-do-umbuzeiro-realiza-preparatoria-para-o-o-d-e\/","title":{"rendered":"Prefeitura de S\u00e3o Sebasti\u00e3o do Umbuzeiro realiza Preparat\u00f3ria para o O.D.E"},"content":{"rendered":"\n<p>Foi realizada na manh\u00e3 desta segunda-feira (29), em S\u00e3o Sebasti\u00e3o do Umbuzeiro, a preparat\u00f3ria para o Or\u00e7amento Democr\u00e1tico Estadual, onde contou com varias lideran\u00e7as do munic\u00edpio, a exemplo do prefeito Adriano Wolff, Presidentes de Associa\u00e7\u00f5es, EMATER, Sindicatos, Secret\u00e1rios municipais e a Sociedade Civil.&nbsp;<\/p>\n\n\n\n<p>No debate foram levantados diversos pontos, onde podemos destacar a Agricultura, Infraestrutura e educa\u00e7\u00e3o.&nbsp; Na agricultura, por unanimidade optou-se pela solicita\u00e7\u00e3o de um kit de maquinas agr\u00edcola, que vai desde o Trator com rodas e forrageira acoplada.<\/p>\n\n\n\n<p>Na infraestrutura optou-se por unanimidade&nbsp; o saneamento de b\u00e1sico para o munic\u00edpio. No terceiro e ultimo ponto, a educa\u00e7\u00e3o entra como prioridade na constru\u00e7\u00e3o de uma escola cidad\u00e3, aonde vem ofertar cursos t\u00e9cnicos profissionalizantes com carater\u00edsticas da regi\u00e3o.<\/p>\n\n\n\n<p>No pr\u00f3ximo dia 04 de maio, est\u00e1 previsto o Or\u00e7amento Democr\u00e1tico na cidade de Sum\u00e9, onde o prefeito Adriano vai disponibilizar transportes para a popula\u00e7\u00e3o que deseje defender os pontos acima citado.<br><\/p>\n","protected":false},"excerpt":{"rendered":"<p>Foi realizada na manh\u00e3 desta segunda-feira (29), em S\u00e3o Sebasti\u00e3o do Umbuzeiro, a preparat\u00f3ria para o Or\u00e7amento Democr\u00e1tico Estadual, onde contou com varias lideran\u00e7as do&hellip; <\/p>\n","protected":false},"author":1,"featured_media":93510,"comment_status":"closed","ping_status":"closed","sticky":false,"template":"","format":"standard","meta":{"sfsi_plus_gutenberg_text_before_share":"","sfsi_plus_gutenberg_show_text_before_share":"","sfsi_plus_gutenberg_icon_type":"","sfsi_plus_gutenberg_icon_alignemt":"","sfsi_plus_gutenburg_max_per_row":"","footnotes":""},"categories":[2],"tags":[],"class_list":["post-93509","post","type-post","status-publish","format-standard","has-post-thumbnail","hentry","category-geral"],"_links":{"self":[{"href":"https:\/\/www.caririemacao.com\/1\/wp-json\/wp\/v2\/posts\/93509","targetHints":{"allow":["GET"]}}],"collection":[{"href":"https:\/\/www.caririemacao.com\/1\/wp-json\/wp\/v2\/posts"}],"about":[{"href":"https:\/\/www.caririemacao.com\/1\/wp-json\/wp\/v2\/types\/post"}],"author":[{"embeddable":true,"href":"https:\/\/www.caririemacao.com\/1\/wp-json\/wp\/v2\/users\/1"}],"replies":[{"embeddable":true,"href":"https:\/\/www.caririemacao.com\/1\/wp-json\/wp\/v2\/comments?post=93509"}],"version-history":[{"count":1,"href":"https:\/\/www.caririemacao.com\/1\/wp-json\/wp\/v2\/posts\/93509\/revisions"}],"predecessor-version":[{"id":93511,"href":"https:\/\/www.caririemacao.com\/1\/wp-json\/wp\/v2\/posts\/93509\/revisions\/93511"}],"wp:featuredmedia":[{"embeddable":true,"href":"https:\/\/www.caririemacao.com\/1\/wp-json\/wp\/v2\/media\/93510"}],"wp:attachment":[{"href":"https:\/\/www.caririemacao.com\/1\/wp-json\/wp\/v2\/media?parent=93509"}],"wp:term":[{"taxonomy":"category","embeddable":true,"href":"https:\/\/www.caririemacao.com\/1\/wp-json\/wp\/v2\/categories?post=93509"},{"taxonomy":"post_tag","embeddable":true,"href":"https:\/\/www.caririemacao.com\/1\/wp-json\/wp\/v2\/tags?post=93509"}],"curies":[{"name":"wp","href":"https:\/\/api.w.org\/{rel}","templated":true}]}}