{"id":93517,"date":"2019-04-30T14:51:36","date_gmt":"2019-04-30T17:51:36","guid":{"rendered":"http:\/\/www.caririemacao.com\/1\/?p=93517"},"modified":"2019-04-30T14:51:36","modified_gmt":"2019-04-30T17:51:36","slug":"governo-investe-em-pesquisa-para-otimizar-producao-de-caja-e-umbu-na-paraiba","status":"publish","type":"post","link":"https:\/\/www.caririemacao.com\/1\/2019\/04\/30\/governo-investe-em-pesquisa-para-otimizar-producao-de-caja-e-umbu-na-paraiba\/","title":{"rendered":"Governo investe em pesquisa para otimizar produ\u00e7\u00e3o de caj\u00e1 e umbu na Para\u00edba"},"content":{"rendered":"\n<figure class=\"wp-block-image\"><img decoding=\"async\" data-src=\"http:\/\/www.blogdodidi.com.br\/wp-content\/uploads\/2019\/04\/CAJA-PB.jpeg\" alt=\"\" class=\"wp-image-86977 lazyload\" src=\"data:image\/svg+xml;base64,PHN2ZyB3aWR0aD0iMSIgaGVpZ2h0PSIxIiB4bWxucz0iaHR0cDovL3d3dy53My5vcmcvMjAwMC9zdmciPjwvc3ZnPg==\" \/><\/figure>\n\n\n\n<p>O Governo do Estado, por meio da Empresa Paraibana de Pesquisa, Extens\u00e3o Rural e Regulariza\u00e7\u00e3o Fundi\u00e1ria \u2013 (EMPAER), em parceria com o Banco do Nordeste e a Ind\u00fastria de Polpas de Frutas Ideal vai executar o Projeto de Pesquisa e Inova\u00e7\u00e3o sobre a Indu\u00e7\u00e3o Floral da Cajazeira e do Umbuzeiro no Semi\u00e1rido Paraibano. O objetivo do projeto \u00e9 avaliar o efeito de reguladores vegetais, de aplica\u00e7\u00e3o foliar e no solo, e a efici\u00eancia no manejo da flora\u00e7\u00e3o, permitindo a produ\u00e7\u00e3o de frutos em qualquer \u00e9poca do ano.<\/p>\n\n\n\n<p>O projeto ser\u00e1 desenvolvido na fazenda Pernambuca, em S\u00e3o Mamede e na Esta\u00e7\u00e3o Experimental Jos\u00e9 Irineu Cabral, em Jo\u00e3o Pessoa. De acordo com a pesquisadora e coordenadora do projeto, Christiane Cassimiro, ser\u00e3o instalados dois experimentos com mudas de caj\u00e1 e umbu enxertadas e consorciadas com palma forrageira, irrigadas por gotejamento.<\/p>\n\n\n\n<p>Segundo o diretor de Pesquisa da Empaer, Manoel Dur\u00e9, a fruticultura \u00e9 uma atividade de grande import\u00e2ncia para o agroneg\u00f3cio, gerando renda e desenvolvimento social. E, por ser um projeto inovador, busca antecipar e prolongar a sazonalidade do umbuzeiro e da cajazeira, gerando renda e contribuindo para transi\u00e7\u00e3o do extrativismo atual para um sistema de produ\u00e7\u00e3o tecnificado.<\/p>\n\n\n\n<p>No Nordeste, apesar das restri\u00e7\u00f5es, a atividade tamb\u00e9m se destaca econ\u00f4mica e socialmente em diversas \u00e1reas. A \u00e1rea produtora de caj\u00e1 abrange oito microrregi\u00f5es do Agreste e do Litoral paraibano. J\u00e1 a produ\u00e7\u00e3o de umbu integra 40 munic\u00edpios do Cariri Ocidental, do Cariri Oriental, do Curimata\u00fa Ocidental e do Serid\u00f3 Ocidental, segundo Dados de 2015 do Instituto Brasileiro de Geografia e Estat\u00edstica (IBGE).<\/p>\n\n\n\n<p>Para a pesquisadora Christiane Cassimiro, estudos utilizando a indu\u00e7\u00e3o floral na cajazeira e no umbuzeiro, s\u00e3o incipientes, entretanto, os resultados da pesquisa poder\u00e3o garantir estrat\u00e9gias de comercializa\u00e7\u00e3o de frutos para per\u00edodos favor\u00e1veis de mercado econ\u00f4mico. Esperando, a partir desse experimento, gerar conhecimento cient\u00edfico e tecnol\u00f3gico inovador, imprescind\u00edvel para a viabiliza\u00e7\u00e3o da cadeia produtiva do caj\u00e1 e do umbu, hoje explorados de forma extrativista.<\/p>\n\n\n\n<p>Para o presidente da Empaer e da Associa\u00e7\u00e3o Brasileira das Entidades Estaduais de Assist\u00eancia T\u00e9cnica e Extens\u00e3o Rural (Asbraer), Nivaldo Magalh\u00e3es, o Governo do Estado tem somado esfor\u00e7os para beneficiar o maior n\u00famero poss\u00edvel de pessoas da agricultura familiar. \u201cA inova\u00e7\u00e3o desse projeto \u00e9 um avan\u00e7o tecnol\u00f3gico expressivo que envolve o esfor\u00e7o do Governo do Estado em desenvolver a agricultura familiar inserindo novos agricultores no processo de desenvolvimento econ\u00f4mico, com gera\u00e7\u00e3o de postos de trabalho e renda\u201d, observou.<br>O projeto ter\u00e1 a vig\u00eancia de cinco anos e recursos da ordem de R$ 160 mil provenientes do Fundo de Desenvolvimento Econ\u00f4mico, Cient\u00edfico, Tecnol\u00f3gico e Inova\u00e7\u00e3o BNB\/FUNDECI.<\/p>\n","protected":false},"excerpt":{"rendered":"<p>O Governo do Estado, por meio da Empresa Paraibana de Pesquisa, Extens\u00e3o Rural e Regulariza\u00e7\u00e3o Fundi\u00e1ria \u2013 (EMPAER), em parceria com o Banco do Nordeste&hellip; <\/p>\n","protected":false},"author":1,"featured_media":93518,"comment_status":"closed","ping_status":"closed","sticky":false,"template":"","format":"standard","meta":{"sfsi_plus_gutenberg_text_before_share":"","sfsi_plus_gutenberg_show_text_before_share":"","sfsi_plus_gutenberg_icon_type":"","sfsi_plus_gutenberg_icon_alignemt":"","sfsi_plus_gutenburg_max_per_row":"","footnotes":""},"categories":[11],"tags":[],"class_list":["post-93517","post","type-post","status-publish","format-standard","has-post-thumbnail","hentry","category-politica"],"_links":{"self":[{"href":"https:\/\/www.caririemacao.com\/1\/wp-json\/wp\/v2\/posts\/93517","targetHints":{"allow":["GET"]}}],"collection":[{"href":"https:\/\/www.caririemacao.com\/1\/wp-json\/wp\/v2\/posts"}],"about":[{"href":"https:\/\/www.caririemacao.com\/1\/wp-json\/wp\/v2\/types\/post"}],"author":[{"embeddable":true,"href":"https:\/\/www.caririemacao.com\/1\/wp-json\/wp\/v2\/users\/1"}],"replies":[{"embeddable":true,"href":"https:\/\/www.caririemacao.com\/1\/wp-json\/wp\/v2\/comments?post=93517"}],"version-history":[{"count":1,"href":"https:\/\/www.caririemacao.com\/1\/wp-json\/wp\/v2\/posts\/93517\/revisions"}],"predecessor-version":[{"id":93519,"href":"https:\/\/www.caririemacao.com\/1\/wp-json\/wp\/v2\/posts\/93517\/revisions\/93519"}],"wp:featuredmedia":[{"embeddable":true,"href":"https:\/\/www.caririemacao.com\/1\/wp-json\/wp\/v2\/media\/93518"}],"wp:attachment":[{"href":"https:\/\/www.caririemacao.com\/1\/wp-json\/wp\/v2\/media?parent=93517"}],"wp:term":[{"taxonomy":"category","embeddable":true,"href":"https:\/\/www.caririemacao.com\/1\/wp-json\/wp\/v2\/categories?post=93517"},{"taxonomy":"post_tag","embeddable":true,"href":"https:\/\/www.caririemacao.com\/1\/wp-json\/wp\/v2\/tags?post=93517"}],"curies":[{"name":"wp","href":"https:\/\/api.w.org\/{rel}","templated":true}]}}