{"id":93522,"date":"2019-04-30T14:55:18","date_gmt":"2019-04-30T17:55:18","guid":{"rendered":"http:\/\/www.caririemacao.com\/1\/?p=93522"},"modified":"2019-04-30T14:55:18","modified_gmt":"2019-04-30T17:55:18","slug":"casos-de-dengue-crescem-339-no-brasil-em-2019-quase-mil-cidades-tem-risco-de-surto","status":"publish","type":"post","link":"https:\/\/www.caririemacao.com\/1\/2019\/04\/30\/casos-de-dengue-crescem-339-no-brasil-em-2019-quase-mil-cidades-tem-risco-de-surto\/","title":{"rendered":"Casos de dengue crescem 339% no Brasil em 2019; quase mil cidades t\u00eam risco de surto"},"content":{"rendered":"\n<p>O Minist\u00e9rio da Sa\u00fade divulgou nesta ter\u00e7a-feira (30) novos dados sobre dengue, zika e chikungunya. At\u00e9 o dia 13 de abril de 2019, foram 451.685 casos prov\u00e1veis da doen\u00e7a registrados, um aumento de 339% dos casos de dengue registrados.<\/p>\n\n\n\n<p>Ainda segundo o novo boletim do minist\u00e9rio, 994 munic\u00edpios apresentam alto \u00edndice de infesta\u00e7\u00e3o, com risco de surto para dengue, zika e chikungunya.<\/p>\n\n\n\n<p>Rodrigo Said, Coordenador Geral dos Programas Nacionais de Controle e Preven\u00e7\u00e3o da Mal\u00e1ria e das Doen\u00e7as Transmitidas pelo Aedes, informou durante coletiva de imprensa que a maioria dos casos est\u00e1 na regi\u00e3o sudeste, principalmente em S\u00e3o Paulo e Minas.<\/p>\n\n\n\n<p>&#8220;O ano de 2019 tem sido caracterizado pelo aumento de casos. O cen\u00e1rio geral para dengue s\u00e3o de 451.685 casos prov\u00e1veis da doen\u00e7a. Sendo 65% dos casos registrados na regi\u00e3o sudeste, principalmente pelo nas regi\u00f5es de S\u00e3o Paulo e Minas Gerais&#8221;, disse em entrevista coletiva. Segundo ele, os casos prov\u00e1veis s\u00e3o os que foram notificados e levam em conta os casos j\u00e1 descartados.<\/p>\n\n\n\n<h2 class=\"wp-block-heading\">Epidemia localizada<\/h2>\n\n\n\n<p>Oito unidades federativas tem incid\u00eancia superior de 300 casos por 100 mil habitantes, n\u00famero preocupante. Tocantins tem o maior n\u00famero de incid\u00eancia de casos de dengue. Seguido de Mato Grosso do Sul, Goi\u00e1s, Minas Gerais, Acre, Esp\u00edrito Santo, S\u00e3o Paulo, Distrito Federal. O Paran\u00e1 tem incid\u00eancia acima de 100 casos por 100 mil habitantes.<\/p>\n\n\n\n<p>Questionado se estes estados e o DF vivem epidemias da doen\u00e7a, Said alerta que os n\u00fameros indicam epidemia, mas pede cautela: &#8220;Quando a gente olha para estes estados, sabemos que alguns s\u00e3o muito grandes ent\u00e3o nem toda \u00e1rea ter\u00e1 epidemia. O dado do estado \u00e9 muito agregado&#8221;, alerta Said.<\/p>\n\n\n\n<p>O secret\u00e1rio de Vigil\u00e2ncia em Sa\u00fade do Minist\u00e9rio da Sa\u00fade, Wanderson Kleber, disse que o pa\u00eds n\u00e3o vive uma epidemia generalizada da doen\u00e7a: \u201cMesmo com aumento no n\u00famero de casos da doen\u00e7a, a taxa de incid\u00eancia de 2019 est\u00e1 dentro do esperado para o per\u00edodo. Sendo assim, at\u00e9 o momento, o pa\u00eds n\u00e3o est\u00e1 em situa\u00e7\u00e3o de epidemia, embora possa haver epidemias localizadas em alguns munic\u00edpios e estados\u201d, disse.<\/p>\n\n\n\n<p>Segundo Said, o aumento do n\u00famero de casos de dengue mesmo fora do ver\u00e3o, \u00e9poca de prolifera\u00e7\u00e3o do mosquito aedes aegypti, se deve a alguns fatores: &#8220;Nos \u00faltimos dois anos o pa\u00eds passou por per\u00edodos fora da sua sazonalidade, com redu\u00e7\u00e3o de casos, e, desde o ano passado, as condi\u00e7\u00f5es ambientais foram prop\u00edcias para a prolifera\u00e7\u00e3o dos mosquitos com aumento de temperatura e mais chuvas&#8221;.<\/p>\n\n\n\n<h2 class=\"wp-block-heading\">Sorotipo diferente<\/h2>\n\n\n\n<p>Said alerta para o retorno do sorotipo 2, que h\u00e1 bastante tempo n\u00e3o era identificado no pa\u00eds e a mudan\u00e7a deixa a popula\u00e7\u00e3o mais suscet\u00edvel. Mais de 85% dos casos avaliados eram do sorotipo 2, quando nos \u00faltimos anos n\u00e3o passavam de 5%.<\/p>\n\n\n\n<p>&#8220;Em dengue, quando h\u00e1 mudan\u00e7a do sorotipo circulante, h\u00e1 aumento do n\u00famero de casos. Nos \u00faltimos anos, os tipos 1 e 4 eram predominantes, no final do ano passado o sorotipo 2 come\u00e7ou a prevalecer&#8221;, explicou Said.<\/p>\n\n\n\n<h2 class=\"wp-block-heading\">Zika e Chikungunya<\/h2>\n\n\n\n<p>Foram registrados 3.085 casos de Zika em todo o pa\u00eds, com incid\u00eancia de 1,5 casos para cada 100 mil habitante. N\u00e3o foram registradas mortes pela doen\u00e7a.<\/p>\n\n\n\n<p>A chikungunya tem incid\u00eancia de 11,6 para cada 100 mil, sendo 24. 120 casos registrados. Houve uma redu\u00e7\u00e3o quando comparado com o mesmo per\u00edodo do ano passado e tamb\u00e9m n\u00e3o foram registradas mortes.<\/p>\n\n\n\n<p>Segundo Said, o v\u00edrus da chikungunya \u00e9 bastante localizado e n\u00e3o teve uma dispers\u00e3o nacional.<br><\/p>\n\n\n\n<p>G1&nbsp;<\/p>\n","protected":false},"excerpt":{"rendered":"<p>O Minist\u00e9rio da Sa\u00fade divulgou nesta ter\u00e7a-feira (30) novos dados sobre dengue, zika e chikungunya. At\u00e9 o dia 13 de abril de 2019, foram 451.685&hellip; <\/p>\n","protected":false},"author":1,"featured_media":89213,"comment_status":"closed","ping_status":"closed","sticky":false,"template":"","format":"standard","meta":{"sfsi_plus_gutenberg_text_before_share":"","sfsi_plus_gutenberg_show_text_before_share":"","sfsi_plus_gutenberg_icon_type":"","sfsi_plus_gutenberg_icon_alignemt":"","sfsi_plus_gutenburg_max_per_row":"","footnotes":""},"categories":[16],"tags":[],"class_list":["post-93522","post","type-post","status-publish","format-standard","has-post-thumbnail","hentry","category-saude"],"_links":{"self":[{"href":"https:\/\/www.caririemacao.com\/1\/wp-json\/wp\/v2\/posts\/93522","targetHints":{"allow":["GET"]}}],"collection":[{"href":"https:\/\/www.caririemacao.com\/1\/wp-json\/wp\/v2\/posts"}],"about":[{"href":"https:\/\/www.caririemacao.com\/1\/wp-json\/wp\/v2\/types\/post"}],"author":[{"embeddable":true,"href":"https:\/\/www.caririemacao.com\/1\/wp-json\/wp\/v2\/users\/1"}],"replies":[{"embeddable":true,"href":"https:\/\/www.caririemacao.com\/1\/wp-json\/wp\/v2\/comments?post=93522"}],"version-history":[{"count":1,"href":"https:\/\/www.caririemacao.com\/1\/wp-json\/wp\/v2\/posts\/93522\/revisions"}],"predecessor-version":[{"id":93523,"href":"https:\/\/www.caririemacao.com\/1\/wp-json\/wp\/v2\/posts\/93522\/revisions\/93523"}],"wp:featuredmedia":[{"embeddable":true,"href":"https:\/\/www.caririemacao.com\/1\/wp-json\/wp\/v2\/media\/89213"}],"wp:attachment":[{"href":"https:\/\/www.caririemacao.com\/1\/wp-json\/wp\/v2\/media?parent=93522"}],"wp:term":[{"taxonomy":"category","embeddable":true,"href":"https:\/\/www.caririemacao.com\/1\/wp-json\/wp\/v2\/categories?post=93522"},{"taxonomy":"post_tag","embeddable":true,"href":"https:\/\/www.caririemacao.com\/1\/wp-json\/wp\/v2\/tags?post=93522"}],"curies":[{"name":"wp","href":"https:\/\/api.w.org\/{rel}","templated":true}]}}