{"id":93527,"date":"2019-04-30T15:04:41","date_gmt":"2019-04-30T18:04:41","guid":{"rendered":"http:\/\/www.caririemacao.com\/1\/?p=93527"},"modified":"2019-04-30T15:04:41","modified_gmt":"2019-04-30T18:04:41","slug":"rio-sao-francisco-tem-menos-restricoes-para-uso-das-aguas-e-geracao-de-energia","status":"publish","type":"post","link":"https:\/\/www.caririemacao.com\/1\/2019\/04\/30\/rio-sao-francisco-tem-menos-restricoes-para-uso-das-aguas-e-geracao-de-energia\/","title":{"rendered":"Rio S\u00e3o Francisco tem menos restri\u00e7\u00f5es para uso das \u00e1guas e gera\u00e7\u00e3o de energia"},"content":{"rendered":"\n<p>Ap\u00f3s cinco anos de seca severa, os reservat\u00f3rios da Bacia do Rio S\u00e3o Francisco voltaram ao n\u00edvel pr\u00e9-crise e j\u00e1 come\u00e7am a operar com menos restri\u00e7\u00f5es, o que permite o aumento da gera\u00e7\u00e3o de energia e do uso por outras atividades econ\u00f4micas.<\/p>\n\n\n\n<p>O chamado reservat\u00f3rio equivalente (soma da capacidade de todos os lagos da bacia) est\u00e1 hoje em 57%, o maior n\u00edvel desde o segundo semestre de 2012, quando se iniciava a seca que gerou dificuldades para o abastecimento de \u00e1gua, irriga\u00e7\u00e3o, turismo e hidrel\u00e9tricas.<\/p>\n\n\n\n<p>A expectativa do ONS (Operador Nacional do Sistema El\u00e9trico) \u00e9 que o n\u00edvel atinja os 60% ainda ao fim do per\u00edodo \u00famido, nas pr\u00f3ximas semanas -o percentual foi atingido pela \u00faltima vez em janeiro de 2012. Com mais \u00e1gua, as hidrel\u00e9tricas da regi\u00e3o j\u00e1 est\u00e3o gerando mais energia do que em meses anteriores.<\/p>\n\n\n\n<p>A melhora na situa\u00e7\u00e3o levou a ANA (Ag\u00eancia Nacional de \u00c1guas) a permitir o aumento das vaz\u00f5es nas barragens. Em Sobradinho, por exemplo, s\u00e3o hoje 800 metros c\u00fabicos por segundo, 250 a mais do que no per\u00edodo mais severo de restri\u00e7\u00f5es.<\/p>\n\n\n\n<p>\u201c\u00c9 um grande al\u00edvio, sobretudo para outros usos e para a manuten\u00e7\u00e3o dos ecossistemas [na parte baixa da bacia]\u201d, diz Anivaldo Miranda, que preside o CBHSF (Comit\u00ea da Bacia Hidrogr\u00e1fica do S\u00e3o Francisco). A regi\u00e3o vinha sofrendo com problemas no abastecimento de \u00e1gua e saliniza\u00e7\u00e3o da foz do rio, por exemplo.<\/p>\n\n\n\n<p>A ANA decidiu mudar o status da sala de crise do S\u00e3o Francisco -que passar\u00e1 a operar como uma sala de acompanhamento da situa\u00e7\u00e3o- com reuni\u00f5es menos frequentes, e publicar\u00e1 nesta ter\u00e7a (30) novas regras de opera\u00e7\u00e3o dos reservat\u00f3rios da bacia.<\/p>\n\n\n\n<p>O superintendente de Opera\u00e7\u00f5es e Eventos Cr\u00edticos da ag\u00eancia, Joaquim Gondim, diz que as novas regras t\u00eam o objetivo de garantir maior estabilidade no n\u00edvel dos reservat\u00f3rios ao longo dos anos. A resolu\u00e7\u00e3o elaborada pela ANA determina volumes m\u00e1ximos de vaz\u00e3o de acordo com faixas de n\u00edveis de reservat\u00f3rios.<\/p>\n\n\n\n<p>A bacia do S\u00e3o Francisco tem quatro reservat\u00f3rios, sendo que os dois maiores s\u00e3o Tr\u00eas Marias, na cabeceira do rio em Minas Gerais; e Sobradinho, na divisa entre a Bahia e Pernambuco, importante para o abastecimento do polo de fruticultura irrigada de Juazeiro e Petrolina.<\/p>\n\n\n\n<p>Segundo as novas regras, se o n\u00edvel dos reservat\u00f3rios estiver acima de 60%, n\u00e3o h\u00e1 limite de vaz\u00e3o e o setor el\u00e9trico pode gerar energia sem restri\u00e7\u00f5es. Abaixo dos 60%, h\u00e1 restri\u00e7\u00f5es de vaz\u00e3o nos principais reservat\u00f3rios \u2013 embora superiores \u00e0s do per\u00edodo agudo da crise.<\/p>\n\n\n\n<p>Para Gondim, o modelo garante uma opera\u00e7\u00e3o mais est\u00e1vel \u2013 ou \u201cparciomoniosa\u201d \u2013 dos reservat\u00f3rios, com a gera\u00e7\u00e3o de energia dilu\u00edda ao longo do ano, em vez de picos para aproveitar a \u00e1gua no ver\u00e3o.<\/p>\n\n\n\n<p>Atualmente, o reservat\u00f3rio de Tr\u00eas Marias est\u00e1 com 80,7% de sua capacidade de armazenar energia -chegou a ter 2,91% em outubro de 2014. J\u00e1 Sobradinho, que chegou a ter 1,1% em novembro de 2015, hoje tem 47,8%.<\/p>\n\n\n\n<p>A recupera\u00e7\u00e3o \u00e9 fruto das restri\u00e7\u00f5es impostas nos \u00faltimos anos, com apoio da prolifera\u00e7\u00e3o de usinas e\u00f3licas que ajudaram a suprir a regi\u00e3o.<\/p>\n\n\n\n<p>De acordo com dados do ONS, com a amplia\u00e7\u00e3o dos limites nos \u00faltimos meses, as hidrel\u00e9tricas do Nordeste geraram 2.011 megawatts (MW) m\u00e9dios em mar\u00e7o \u2013 ainda cerca de 10% abaixo do mesmo m\u00eas em 2018, mas j\u00e1 mostrando recupera\u00e7\u00e3o em rela\u00e7\u00e3o aos 1,5 mil a 1,7 mil do fim do ano.<\/p>\n\n\n\n<p>Gondim espera que as novas regras mantenham o ritmo de recupera\u00e7\u00e3o dos reservat\u00f3rios e n\u00e3o descarta que as hidrel\u00e9tricas do Nordeste voltem a verter \u00e1gua -quando os reservat\u00f3rios est\u00e3o cheios e as comportas precisam ser abertas, o que n\u00e3o ocorre desde 2013.<\/p>\n\n\n\n<p>A \u00faltima vez que o reservat\u00f3rio equivalente do S\u00e3o Francisco atingiu 100% de sua capacidade foi no segundo semestre de 2009.<\/p>\n","protected":false},"excerpt":{"rendered":"<p>Ap\u00f3s cinco anos de seca severa, os reservat\u00f3rios da Bacia do Rio S\u00e3o Francisco voltaram ao n\u00edvel pr\u00e9-crise e j\u00e1 come\u00e7am a operar com menos&hellip; <\/p>\n","protected":false},"author":1,"featured_media":93528,"comment_status":"closed","ping_status":"closed","sticky":false,"template":"","format":"standard","meta":{"sfsi_plus_gutenberg_text_before_share":"","sfsi_plus_gutenberg_show_text_before_share":"","sfsi_plus_gutenberg_icon_type":"","sfsi_plus_gutenberg_icon_alignemt":"","sfsi_plus_gutenburg_max_per_row":"","footnotes":""},"categories":[2],"tags":[],"class_list":["post-93527","post","type-post","status-publish","format-standard","has-post-thumbnail","hentry","category-geral"],"_links":{"self":[{"href":"https:\/\/www.caririemacao.com\/1\/wp-json\/wp\/v2\/posts\/93527","targetHints":{"allow":["GET"]}}],"collection":[{"href":"https:\/\/www.caririemacao.com\/1\/wp-json\/wp\/v2\/posts"}],"about":[{"href":"https:\/\/www.caririemacao.com\/1\/wp-json\/wp\/v2\/types\/post"}],"author":[{"embeddable":true,"href":"https:\/\/www.caririemacao.com\/1\/wp-json\/wp\/v2\/users\/1"}],"replies":[{"embeddable":true,"href":"https:\/\/www.caririemacao.com\/1\/wp-json\/wp\/v2\/comments?post=93527"}],"version-history":[{"count":1,"href":"https:\/\/www.caririemacao.com\/1\/wp-json\/wp\/v2\/posts\/93527\/revisions"}],"predecessor-version":[{"id":93529,"href":"https:\/\/www.caririemacao.com\/1\/wp-json\/wp\/v2\/posts\/93527\/revisions\/93529"}],"wp:featuredmedia":[{"embeddable":true,"href":"https:\/\/www.caririemacao.com\/1\/wp-json\/wp\/v2\/media\/93528"}],"wp:attachment":[{"href":"https:\/\/www.caririemacao.com\/1\/wp-json\/wp\/v2\/media?parent=93527"}],"wp:term":[{"taxonomy":"category","embeddable":true,"href":"https:\/\/www.caririemacao.com\/1\/wp-json\/wp\/v2\/categories?post=93527"},{"taxonomy":"post_tag","embeddable":true,"href":"https:\/\/www.caririemacao.com\/1\/wp-json\/wp\/v2\/tags?post=93527"}],"curies":[{"name":"wp","href":"https:\/\/api.w.org\/{rel}","templated":true}]}}