{"id":93535,"date":"2019-04-30T15:48:48","date_gmt":"2019-04-30T18:48:48","guid":{"rendered":"http:\/\/www.caririemacao.com\/1\/?p=93535"},"modified":"2019-04-30T15:48:48","modified_gmt":"2019-04-30T18:48:48","slug":"prefeitura-de-amparo-realizou-o-pagamento-dos-funcionarios-referente-ao-mes-de-abril","status":"publish","type":"post","link":"https:\/\/www.caririemacao.com\/1\/2019\/04\/30\/prefeitura-de-amparo-realizou-o-pagamento-dos-funcionarios-referente-ao-mes-de-abril\/","title":{"rendered":"Prefeitura de Amparo realizou o Pagamento dos Funcion\u00e1rios referente ao m\u00eas de Abril"},"content":{"rendered":"\n<p>\n\nA Prefeitura Municipal de Amparo, atrav\u00e9s da Secretaria de Finan\u00e7as, comunica a toda a popula\u00e7\u00e3o Amparense, que o pagamento referente ao m\u00eas de Abril j\u00e1 foi repassado na manh\u00e3 desta ter\u00e7a-feira e provavelmente a tarde j\u00e1 esteja dispon\u00edvel nas contas dos funcion\u00e1rios.<\/p>\n\n\n\n<p>At\u00e9 o final do dia, o dinheiro j\u00e1 estar\u00e1 disponivel para que os Funcion\u00e1rios fa\u00e7am o saque.<br>O Prefeito In\u00e1cio disse que mesmo com os gastos da prefeitura com a Festa de Emancipa\u00e7\u00e3o, para funcion\u00e1rios em dias ainda continua sendo uma de suas principais metas no seu governo, que mesmo diante dos problemas financeiros, isso \u00e9 algo que tem que ser cumprido e \u00e9 isso que vem fazendo em sua gest\u00e3o, compromisso com o povo faz parte do governo do In\u00e1cio N\u00f3brega.<\/p>\n\n\n\n<p><em>Amparo Ligado<\/em><br><\/p>\n","protected":false},"excerpt":{"rendered":"<p>A Prefeitura Municipal de Amparo, atrav\u00e9s da Secretaria de Finan\u00e7as, comunica a toda a popula\u00e7\u00e3o Amparense, que o pagamento referente ao m\u00eas de Abril j\u00e1&hellip; <\/p>\n","protected":false},"author":1,"featured_media":44125,"comment_status":"closed","ping_status":"closed","sticky":false,"template":"","format":"standard","meta":{"sfsi_plus_gutenberg_text_before_share":"","sfsi_plus_gutenberg_show_text_before_share":"","sfsi_plus_gutenberg_icon_type":"","sfsi_plus_gutenberg_icon_alignemt":"","sfsi_plus_gutenburg_max_per_row":"","footnotes":""},"categories":[6],"tags":[],"class_list":["post-93535","post","type-post","status-publish","format-standard","has-post-thumbnail","hentry","category-cidades"],"_links":{"self":[{"href":"https:\/\/www.caririemacao.com\/1\/wp-json\/wp\/v2\/posts\/93535","targetHints":{"allow":["GET"]}}],"collection":[{"href":"https:\/\/www.caririemacao.com\/1\/wp-json\/wp\/v2\/posts"}],"about":[{"href":"https:\/\/www.caririemacao.com\/1\/wp-json\/wp\/v2\/types\/post"}],"author":[{"embeddable":true,"href":"https:\/\/www.caririemacao.com\/1\/wp-json\/wp\/v2\/users\/1"}],"replies":[{"embeddable":true,"href":"https:\/\/www.caririemacao.com\/1\/wp-json\/wp\/v2\/comments?post=93535"}],"version-history":[{"count":1,"href":"https:\/\/www.caririemacao.com\/1\/wp-json\/wp\/v2\/posts\/93535\/revisions"}],"predecessor-version":[{"id":93536,"href":"https:\/\/www.caririemacao.com\/1\/wp-json\/wp\/v2\/posts\/93535\/revisions\/93536"}],"wp:featuredmedia":[{"embeddable":true,"href":"https:\/\/www.caririemacao.com\/1\/wp-json\/wp\/v2\/media\/44125"}],"wp:attachment":[{"href":"https:\/\/www.caririemacao.com\/1\/wp-json\/wp\/v2\/media?parent=93535"}],"wp:term":[{"taxonomy":"category","embeddable":true,"href":"https:\/\/www.caririemacao.com\/1\/wp-json\/wp\/v2\/categories?post=93535"},{"taxonomy":"post_tag","embeddable":true,"href":"https:\/\/www.caririemacao.com\/1\/wp-json\/wp\/v2\/tags?post=93535"}],"curies":[{"name":"wp","href":"https:\/\/api.w.org\/{rel}","templated":true}]}}