{"id":93543,"date":"2019-04-30T18:55:46","date_gmt":"2019-04-30T21:55:46","guid":{"rendered":"http:\/\/www.caririemacao.com\/1\/?p=93543"},"modified":"2019-04-30T18:55:46","modified_gmt":"2019-04-30T21:55:46","slug":"shows-com-bedeu-quirino-e-chapeu-de-palha-marcaram-o-encerramento-da-festa-dos-25-anos-de-emancipacao-politica-de-amparo","status":"publish","type":"post","link":"https:\/\/www.caririemacao.com\/1\/2019\/04\/30\/shows-com-bedeu-quirino-e-chapeu-de-palha-marcaram-o-encerramento-da-festa-dos-25-anos-de-emancipacao-politica-de-amparo\/","title":{"rendered":"Shows com Bedeu Quirino e Chap\u00e9u de Palha marcaram o encerramento da Festa dos 25 Anos de Emancipa\u00e7\u00e3o Pol\u00edtica de Amparo"},"content":{"rendered":"\n<p>\n\nA cidade de Amparo esteve comemorando nesta segunda-feira (29) o seu anivers\u00e1rio de 25 anos de Emancipa\u00e7\u00e3o Pol\u00edtica, durante todo o dia, o Prefeito In\u00e1cio N\u00f3brega esteve participando de uma vasta programa\u00e7\u00e3o no munic\u00edpio, tivemos alvorada \u00e0s 5hrs da manh\u00e3 e o Hasteamento das Bandeiras \u00e0s 8hrs, na sequ\u00eancia, o prefeito seguiu para a Comunidade do S\u00edtio Pelel\u00ea, onde l\u00e1 fez a entrega oficial da UBS \u00c2ncora para a popula\u00e7\u00e3o, voltando para a Zona Urbana o prefeito assinou uma ordem de servi\u00e7o, onde ir\u00e1 fazer a pavimenta\u00e7\u00e3o no conjunto Habitacional Francisco de Paulo Arruda.<\/p>\n\n\n\n<figure class=\"wp-block-image\"><a href=\"https:\/\/4.bp.blogspot.com\/-DUoCrIindjI\/XMhg2Ad_iDI\/AAAAAAABAI0\/b3N4uMuuNd4rb0sRmb6CgDo0Y64dmrSOwCLcBGAs\/s1600\/CHAP%25C3%2589U%2BDE%2BPALHA%2BE%2BBEDEU%2BQUIRINO%2B-%2B%2528113%2529.JPG\"><img decoding=\"async\" data-src=\"https:\/\/4.bp.blogspot.com\/-DUoCrIindjI\/XMhg2Ad_iDI\/AAAAAAABAI0\/b3N4uMuuNd4rb0sRmb6CgDo0Y64dmrSOwCLcBGAs\/s640\/CHAP%25C3%2589U%2BDE%2BPALHA%2BE%2BBEDEU%2BQUIRINO%2B-%2B%2528113%2529.JPG\" alt=\"\" src=\"data:image\/svg+xml;base64,PHN2ZyB3aWR0aD0iMSIgaGVpZ2h0PSIxIiB4bWxucz0iaHR0cDovL3d3dy53My5vcmcvMjAwMC9zdmciPjwvc3ZnPg==\" class=\"lazyload\" \/><\/a><\/figure>\n\n\n\n<p>A noite, tivemos shows em pra\u00e7a p\u00fablica com Junior Show e Forr\u00f3 Chap\u00e9u de Palha, uma banda que toca de tudo que agradou muito o p\u00fablico presente, e encerrando as festividades, Bedeu Quirino.<\/p>\n\n\n\n<figure class=\"wp-block-image\"><a href=\"https:\/\/4.bp.blogspot.com\/-6cPzB1bWnSM\/XMhg_um_72I\/AAAAAAABAI4\/rHR7ZHWWNRoZW1jAdfEi01Lwjw13HB3WwCLcBGAs\/s1600\/CHAP%25C3%2589U%2BDE%2BPALHA%2BE%2BBEDEU%2BQUIRINO%2B-%2B%2528167%2529.JPG\"><img decoding=\"async\" data-src=\"https:\/\/4.bp.blogspot.com\/-6cPzB1bWnSM\/XMhg_um_72I\/AAAAAAABAI4\/rHR7ZHWWNRoZW1jAdfEi01Lwjw13HB3WwCLcBGAs\/s640\/CHAP%25C3%2589U%2BDE%2BPALHA%2BE%2BBEDEU%2BQUIRINO%2B-%2B%2528167%2529.JPG\" alt=\"\" src=\"data:image\/svg+xml;base64,PHN2ZyB3aWR0aD0iMSIgaGVpZ2h0PSIxIiB4bWxucz0iaHR0cDovL3d3dy53My5vcmcvMjAwMC9zdmciPjwvc3ZnPg==\" class=\"lazyload\" \/><\/a><\/figure>\n\n\n\n<p>Tamb\u00e9m na festa, prefeito in\u00e1cio Fez o sorteio dos brindes do IPTU Premiado para as pessoas que ja fizeram o pagamento dos anos de 2017\/18\/19, disse ainda que a promo\u00e7\u00e3o dos 20% de desconto que acabaria essa semana, se estendeu por mais 1 m\u00eas. Ap\u00f3s a entrega dos brindes , o Prefeito fez a entrega oficial dos Instrumentos da Fanfarra Municipal para o maestro Bisica, um investimento de quase R$ 10.000 que ir\u00e1 beneficiar os jovens que buscam ingressar no mundo da m\u00fasica.<\/p>\n\n\n\n<figure class=\"wp-block-image\"><a href=\"https:\/\/2.bp.blogspot.com\/-mFCL8bnPAhg\/XMhhFsW_mLI\/AAAAAAABAI8\/7qSJw2GhJHwDeTkEo2LAhezQYkNh0HDUwCLcBGAs\/s1600\/CHAP%25C3%2589U%2BDE%2BPALHA%2BE%2BBEDEU%2BQUIRINO%2B-%2B%2528184%2529.JPG\"><img decoding=\"async\" data-src=\"https:\/\/2.bp.blogspot.com\/-mFCL8bnPAhg\/XMhhFsW_mLI\/AAAAAAABAI8\/7qSJw2GhJHwDeTkEo2LAhezQYkNh0HDUwCLcBGAs\/s640\/CHAP%25C3%2589U%2BDE%2BPALHA%2BE%2BBEDEU%2BQUIRINO%2B-%2B%2528184%2529.JPG\" alt=\"\" src=\"data:image\/svg+xml;base64,PHN2ZyB3aWR0aD0iMSIgaGVpZ2h0PSIxIiB4bWxucz0iaHR0cDovL3d3dy53My5vcmcvMjAwMC9zdmciPjwvc3ZnPg==\" class=\"lazyload\" \/><\/a><\/figure>\n\n\n\n<p>Encerrando sua fala, o prefeito parabenizou a cidade de Amparo pelos seus 25 anos de Emancipa\u00e7\u00e3o Pol\u00edtica e agradeceu a presen\u00e7a de todos que foram curtir a festa.\n\n<\/p>\n","protected":false},"excerpt":{"rendered":"<p>A cidade de Amparo esteve comemorando nesta segunda-feira (29) o seu anivers\u00e1rio de 25 anos de Emancipa\u00e7\u00e3o Pol\u00edtica, durante todo o dia, o Prefeito In\u00e1cio&hellip; <\/p>\n","protected":false},"author":1,"featured_media":93544,"comment_status":"closed","ping_status":"closed","sticky":false,"template":"","format":"standard","meta":{"sfsi_plus_gutenberg_text_before_share":"","sfsi_plus_gutenberg_show_text_before_share":"","sfsi_plus_gutenberg_icon_type":"","sfsi_plus_gutenberg_icon_alignemt":"","sfsi_plus_gutenburg_max_per_row":"","footnotes":""},"categories":[6],"tags":[],"class_list":["post-93543","post","type-post","status-publish","format-standard","has-post-thumbnail","hentry","category-cidades"],"_links":{"self":[{"href":"https:\/\/www.caririemacao.com\/1\/wp-json\/wp\/v2\/posts\/93543","targetHints":{"allow":["GET"]}}],"collection":[{"href":"https:\/\/www.caririemacao.com\/1\/wp-json\/wp\/v2\/posts"}],"about":[{"href":"https:\/\/www.caririemacao.com\/1\/wp-json\/wp\/v2\/types\/post"}],"author":[{"embeddable":true,"href":"https:\/\/www.caririemacao.com\/1\/wp-json\/wp\/v2\/users\/1"}],"replies":[{"embeddable":true,"href":"https:\/\/www.caririemacao.com\/1\/wp-json\/wp\/v2\/comments?post=93543"}],"version-history":[{"count":1,"href":"https:\/\/www.caririemacao.com\/1\/wp-json\/wp\/v2\/posts\/93543\/revisions"}],"predecessor-version":[{"id":93545,"href":"https:\/\/www.caririemacao.com\/1\/wp-json\/wp\/v2\/posts\/93543\/revisions\/93545"}],"wp:featuredmedia":[{"embeddable":true,"href":"https:\/\/www.caririemacao.com\/1\/wp-json\/wp\/v2\/media\/93544"}],"wp:attachment":[{"href":"https:\/\/www.caririemacao.com\/1\/wp-json\/wp\/v2\/media?parent=93543"}],"wp:term":[{"taxonomy":"category","embeddable":true,"href":"https:\/\/www.caririemacao.com\/1\/wp-json\/wp\/v2\/categories?post=93543"},{"taxonomy":"post_tag","embeddable":true,"href":"https:\/\/www.caririemacao.com\/1\/wp-json\/wp\/v2\/tags?post=93543"}],"curies":[{"name":"wp","href":"https:\/\/api.w.org\/{rel}","templated":true}]}}