{"id":93552,"date":"2019-05-01T08:41:05","date_gmt":"2019-05-01T11:41:05","guid":{"rendered":"http:\/\/www.caririemacao.com\/1\/?p=93552"},"modified":"2019-05-01T08:41:05","modified_gmt":"2019-05-01T11:41:05","slug":"maia-enfrenta-bolsonaro-e-diz-que-ele-nao-decidira-sozinho-sobre-venezuela","status":"publish","type":"post","link":"https:\/\/www.caririemacao.com\/1\/2019\/05\/01\/maia-enfrenta-bolsonaro-e-diz-que-ele-nao-decidira-sozinho-sobre-venezuela\/","title":{"rendered":"Maia enfrenta Bolsonaro e diz que ele n\u00e3o decidir\u00e1 sozinho sobre Venezuela"},"content":{"rendered":"\n<p>O presidente da C\u00e2mara dos Deputados, Rodrigo Maia (DEM-RJ), rebateu declara\u00e7\u00e3o feita pelo presidente Jair Bolsonaro de que uma eventual interven\u00e7\u00e3o na Venezuela pelo Brasil ser\u00e1 decidida &#8220;exclusivamente&#8221; por ele, sem considerar posi\u00e7\u00e3o do Congresso Nacional, que precisa autorizar medidas armadas contra outro pa\u00eds.<\/p>\n\n\n\n<p>&#8220;Em rela\u00e7\u00e3o ao tu\u00edte do presidente Jair Bolsonaro sobre a situa\u00e7\u00e3o da Venezuela, \u00e9 importante lembrar que os artigos. 49, II c\/c art. 84, XIX; c\/c art. 137, II da Constitui\u00e7\u00e3o Federal precisam ser respeitados&#8221;, postou Maia no Twitter. &#8220;E eles determinam que \u00e9 compet\u00eancia exclusiva do Congresso Nacional autorizar uma declara\u00e7\u00e3o de guerra pelo Presidente da Rep\u00fablica&#8221;, completou, em refer\u00eancia aos artigos.&nbsp;<\/p>\n\n\n\n<figure class=\"wp-block-image\"><a href=\"https:\/\/twitter.com\/RodrigoMaia\"><img decoding=\"async\" data-src=\"https:\/\/pbs.twimg.com\/profile_images\/1092758727940292609\/am4xM-xd_normal.jpg\" alt=\"\" src=\"data:image\/svg+xml;base64,PHN2ZyB3aWR0aD0iMSIgaGVpZ2h0PSIxIiB4bWxucz0iaHR0cDovL3d3dy53My5vcmcvMjAwMC9zdmciPjwvc3ZnPg==\" class=\"lazyload\" \/><\/a><\/figure>\n\n\n\n<p><a href=\"https:\/\/twitter.com\/RodrigoMaia\"><strong>Rodrigo Maia<\/strong><strong>&#x2714;<\/strong>@RodrigoMaia<\/a>&nbsp;\u00b7&nbsp;<a href=\"https:\/\/twitter.com\/RodrigoMaia\/status\/1123346484844531713\">13<abbr title=\" horas\">h<\/abbr><\/a><a href=\"https:\/\/twitter.com\/RodrigoMaia\/status\/1123346484844531713\"><\/a><\/p>\n\n\n\n<p>Em rela\u00e7\u00e3o ao tu\u00edte do presidente Jair Bolsonaro sobre a situa\u00e7\u00e3o da Venezuela, \u00e9 importante lembrar que os artigos. 49, II c\/c art. 84, XIX; c\/c art. 137, II da Constitui\u00e7\u00e3o Federal precisam ser respeitados.<\/p>\n\n\n\n<figure class=\"wp-block-image\"><a href=\"https:\/\/twitter.com\/RodrigoMaia\"><img decoding=\"async\" data-src=\"https:\/\/pbs.twimg.com\/profile_images\/1092758727940292609\/am4xM-xd_normal.jpg\" alt=\"\" src=\"data:image\/svg+xml;base64,PHN2ZyB3aWR0aD0iMSIgaGVpZ2h0PSIxIiB4bWxucz0iaHR0cDovL3d3dy53My5vcmcvMjAwMC9zdmciPjwvc3ZnPg==\" class=\"lazyload\" \/><\/a><\/figure>\n\n\n\n<p><a href=\"https:\/\/twitter.com\/RodrigoMaia\"><strong>Rodrigo Maia<\/strong><strong>&#x2714;<\/strong>@RodrigoMaia<\/a><\/p>\n\n\n\n<p>E eles determinam que \u00e9 compet\u00eancia exclusiva do Congresso Nacional autorizar uma declara\u00e7\u00e3o de guerra pelo Presidente da Rep\u00fablica.<a href=\"https:\/\/twitter.com\/intent\/like?tweet_id=1123346490175512576\">9.547<\/a><a href=\"https:\/\/twitter.com\/RodrigoMaia\/status\/1123346490175512576\">19:00 &#8211; 30 de abr de 2019<\/a><a href=\"https:\/\/support.twitter.com\/articles\/20175256\">Informa\u00e7\u00f5es e privacidade no Twitter Ads<\/a><a href=\"https:\/\/twitter.com\/RodrigoMaia\/status\/1123346490175512576\">3.802 pessoas est\u00e3o falando sobre isso<br>\n\n<\/a><\/p>\n","protected":false},"excerpt":{"rendered":"<p>O presidente da C\u00e2mara dos Deputados, Rodrigo Maia (DEM-RJ), rebateu declara\u00e7\u00e3o feita pelo presidente Jair Bolsonaro de que uma eventual interven\u00e7\u00e3o na Venezuela pelo Brasil&hellip; <\/p>\n","protected":false},"author":2,"featured_media":93553,"comment_status":"closed","ping_status":"closed","sticky":false,"template":"","format":"standard","meta":{"sfsi_plus_gutenberg_text_before_share":"","sfsi_plus_gutenberg_show_text_before_share":"","sfsi_plus_gutenberg_icon_type":"","sfsi_plus_gutenberg_icon_alignemt":"","sfsi_plus_gutenburg_max_per_row":"","footnotes":""},"categories":[50,11],"tags":[],"class_list":["post-93552","post","type-post","status-publish","format-standard","has-post-thumbnail","hentry","category-destaque","category-politica"],"_links":{"self":[{"href":"https:\/\/www.caririemacao.com\/1\/wp-json\/wp\/v2\/posts\/93552","targetHints":{"allow":["GET"]}}],"collection":[{"href":"https:\/\/www.caririemacao.com\/1\/wp-json\/wp\/v2\/posts"}],"about":[{"href":"https:\/\/www.caririemacao.com\/1\/wp-json\/wp\/v2\/types\/post"}],"author":[{"embeddable":true,"href":"https:\/\/www.caririemacao.com\/1\/wp-json\/wp\/v2\/users\/2"}],"replies":[{"embeddable":true,"href":"https:\/\/www.caririemacao.com\/1\/wp-json\/wp\/v2\/comments?post=93552"}],"version-history":[{"count":1,"href":"https:\/\/www.caririemacao.com\/1\/wp-json\/wp\/v2\/posts\/93552\/revisions"}],"predecessor-version":[{"id":93554,"href":"https:\/\/www.caririemacao.com\/1\/wp-json\/wp\/v2\/posts\/93552\/revisions\/93554"}],"wp:featuredmedia":[{"embeddable":true,"href":"https:\/\/www.caririemacao.com\/1\/wp-json\/wp\/v2\/media\/93553"}],"wp:attachment":[{"href":"https:\/\/www.caririemacao.com\/1\/wp-json\/wp\/v2\/media?parent=93552"}],"wp:term":[{"taxonomy":"category","embeddable":true,"href":"https:\/\/www.caririemacao.com\/1\/wp-json\/wp\/v2\/categories?post=93552"},{"taxonomy":"post_tag","embeddable":true,"href":"https:\/\/www.caririemacao.com\/1\/wp-json\/wp\/v2\/tags?post=93552"}],"curies":[{"name":"wp","href":"https:\/\/api.w.org\/{rel}","templated":true}]}}