{"id":93555,"date":"2019-05-01T08:53:54","date_gmt":"2019-05-01T11:53:54","guid":{"rendered":"http:\/\/www.caririemacao.com\/1\/?p=93555"},"modified":"2019-05-01T08:53:54","modified_gmt":"2019-05-01T11:53:54","slug":"prefeito-junior-nobrega-emite-mensagem-pelo-dia-do-trabalhador","status":"publish","type":"post","link":"https:\/\/www.caririemacao.com\/1\/2019\/05\/01\/prefeito-junior-nobrega-emite-mensagem-pelo-dia-do-trabalhador\/","title":{"rendered":"Prefeito Junior N\u00f3brega emite mensagem pelo dia do Trabalhador"},"content":{"rendered":"\n<p>O trabalho \u00e9 a busca da respira\u00e7\u00e3o, do conforto e da sobreviv\u00eancia. O trabalho conforta e alegra e possibilita a conquista das nossas realiza\u00e7\u00f5es. A administra\u00e7\u00e3o da Prefeitura Municipal de Prata transmite os mais sinceros cumprimentos a todos os trabalhadores pratenses pela passagem do Dia do Trabalho.<\/p>\n\n\n\n<p>&#8220;Que neste Dia do Trabalhador possamos comemorar juntos nossas conquistas atuais e das muitas que ainda vir\u00e3o. Parab\u00e9ns a todos os trabalhadores que participam para a constru\u00e7\u00e3o do nosso munic\u00edpio cada dia melhor. S\u00e3o os votos do prefeito J\u00fanior N\u00f3brega.<\/p>\n","protected":false},"excerpt":{"rendered":"<p>O trabalho \u00e9 a busca da respira\u00e7\u00e3o, do conforto e da sobreviv\u00eancia. O trabalho conforta e alegra e possibilita a conquista das nossas realiza\u00e7\u00f5es. A&hellip; <\/p>\n","protected":false},"author":2,"featured_media":93556,"comment_status":"closed","ping_status":"closed","sticky":false,"template":"","format":"standard","meta":{"sfsi_plus_gutenberg_text_before_share":"","sfsi_plus_gutenberg_show_text_before_share":"","sfsi_plus_gutenberg_icon_type":"","sfsi_plus_gutenberg_icon_alignemt":"","sfsi_plus_gutenburg_max_per_row":"","footnotes":""},"categories":[6,50],"tags":[],"class_list":["post-93555","post","type-post","status-publish","format-standard","has-post-thumbnail","hentry","category-cidades","category-destaque"],"_links":{"self":[{"href":"https:\/\/www.caririemacao.com\/1\/wp-json\/wp\/v2\/posts\/93555","targetHints":{"allow":["GET"]}}],"collection":[{"href":"https:\/\/www.caririemacao.com\/1\/wp-json\/wp\/v2\/posts"}],"about":[{"href":"https:\/\/www.caririemacao.com\/1\/wp-json\/wp\/v2\/types\/post"}],"author":[{"embeddable":true,"href":"https:\/\/www.caririemacao.com\/1\/wp-json\/wp\/v2\/users\/2"}],"replies":[{"embeddable":true,"href":"https:\/\/www.caririemacao.com\/1\/wp-json\/wp\/v2\/comments?post=93555"}],"version-history":[{"count":1,"href":"https:\/\/www.caririemacao.com\/1\/wp-json\/wp\/v2\/posts\/93555\/revisions"}],"predecessor-version":[{"id":93557,"href":"https:\/\/www.caririemacao.com\/1\/wp-json\/wp\/v2\/posts\/93555\/revisions\/93557"}],"wp:featuredmedia":[{"embeddable":true,"href":"https:\/\/www.caririemacao.com\/1\/wp-json\/wp\/v2\/media\/93556"}],"wp:attachment":[{"href":"https:\/\/www.caririemacao.com\/1\/wp-json\/wp\/v2\/media?parent=93555"}],"wp:term":[{"taxonomy":"category","embeddable":true,"href":"https:\/\/www.caririemacao.com\/1\/wp-json\/wp\/v2\/categories?post=93555"},{"taxonomy":"post_tag","embeddable":true,"href":"https:\/\/www.caririemacao.com\/1\/wp-json\/wp\/v2\/tags?post=93555"}],"curies":[{"name":"wp","href":"https:\/\/api.w.org\/{rel}","templated":true}]}}