{"id":93558,"date":"2019-05-01T08:58:46","date_gmt":"2019-05-01T11:58:46","guid":{"rendered":"http:\/\/www.caririemacao.com\/1\/?p=93558"},"modified":"2019-05-01T08:58:46","modified_gmt":"2019-05-01T11:58:46","slug":"ouro-velho-prefeita-natalia-parabeniza-trabalhadores-pelo-dia-1o-de-maio","status":"publish","type":"post","link":"https:\/\/www.caririemacao.com\/1\/2019\/05\/01\/ouro-velho-prefeita-natalia-parabeniza-trabalhadores-pelo-dia-1o-de-maio\/","title":{"rendered":"OURO VELHO: Prefeita Nat\u00e1lia parabeniza trabalhadores pelo dia 1\u00ba de Maio"},"content":{"rendered":"\n<p>Trabalhadores ourovelhenses,&nbsp;neste 1\u00ba de maio\ncelebramos uma data muito especial, o dia do trabalhador!<\/p>\n\n\n\n<p>Este \u00e9 um dia de reflex\u00e3o e para avaliarmos nossa\nparticipa\u00e7\u00e3o na constru\u00e7\u00e3o de um mundo mais humano.<\/p>\n\n\n\n<p>Nesta data, gostaria de parabenizar cada um de voc\u00eas, cada\nprofissional ourovelhense, que com o seu trabalho tornou-se respons\u00e1vel pela\nconstru\u00e7\u00e3o e o desenvolvimento de nosso munic\u00edpio.<\/p>\n\n\n\n<p>O trabalho \u00e9 uma miss\u00e3o pessoal e profissional, que nos\nmotiva a enfrentar os desafios e nos impulsiona a desempenharmos nossos pap\u00e9is\nda melhor forma poss\u00edvel em prol do bem comum.<\/p>\n\n\n\n<p>Portanto a minha gratid\u00e3o a voc\u00eas, por fazer de Ouro Velho\num lugar melhor de se viver, com mais dignidade e mais cidadania.<\/p>\n\n\n\n<p>Feliz Dia do Trabalhador!<\/p>\n\n\n\n<p>Nat\u00e1lia Lira &#8211;&nbsp;Prefeita de Ouro Velho<\/p>\n","protected":false},"excerpt":{"rendered":"<p>Trabalhadores ourovelhenses,&nbsp;neste 1\u00ba de maio celebramos uma data muito especial, o dia do trabalhador! Este \u00e9 um dia de reflex\u00e3o e para avaliarmos nossa participa\u00e7\u00e3o&hellip; <\/p>\n","protected":false},"author":2,"featured_media":93560,"comment_status":"closed","ping_status":"closed","sticky":false,"template":"","format":"standard","meta":{"sfsi_plus_gutenberg_text_before_share":"","sfsi_plus_gutenberg_show_text_before_share":"","sfsi_plus_gutenberg_icon_type":"","sfsi_plus_gutenberg_icon_alignemt":"","sfsi_plus_gutenburg_max_per_row":"","footnotes":""},"categories":[50,2],"tags":[],"class_list":["post-93558","post","type-post","status-publish","format-standard","has-post-thumbnail","hentry","category-destaque","category-geral"],"_links":{"self":[{"href":"https:\/\/www.caririemacao.com\/1\/wp-json\/wp\/v2\/posts\/93558","targetHints":{"allow":["GET"]}}],"collection":[{"href":"https:\/\/www.caririemacao.com\/1\/wp-json\/wp\/v2\/posts"}],"about":[{"href":"https:\/\/www.caririemacao.com\/1\/wp-json\/wp\/v2\/types\/post"}],"author":[{"embeddable":true,"href":"https:\/\/www.caririemacao.com\/1\/wp-json\/wp\/v2\/users\/2"}],"replies":[{"embeddable":true,"href":"https:\/\/www.caririemacao.com\/1\/wp-json\/wp\/v2\/comments?post=93558"}],"version-history":[{"count":1,"href":"https:\/\/www.caririemacao.com\/1\/wp-json\/wp\/v2\/posts\/93558\/revisions"}],"predecessor-version":[{"id":93561,"href":"https:\/\/www.caririemacao.com\/1\/wp-json\/wp\/v2\/posts\/93558\/revisions\/93561"}],"wp:featuredmedia":[{"embeddable":true,"href":"https:\/\/www.caririemacao.com\/1\/wp-json\/wp\/v2\/media\/93560"}],"wp:attachment":[{"href":"https:\/\/www.caririemacao.com\/1\/wp-json\/wp\/v2\/media?parent=93558"}],"wp:term":[{"taxonomy":"category","embeddable":true,"href":"https:\/\/www.caririemacao.com\/1\/wp-json\/wp\/v2\/categories?post=93558"},{"taxonomy":"post_tag","embeddable":true,"href":"https:\/\/www.caririemacao.com\/1\/wp-json\/wp\/v2\/tags?post=93558"}],"curies":[{"name":"wp","href":"https:\/\/api.w.org\/{rel}","templated":true}]}}