{"id":93559,"date":"2019-05-01T08:59:57","date_gmt":"2019-05-01T11:59:57","guid":{"rendered":"http:\/\/www.caririemacao.com\/1\/?p=93559"},"modified":"2019-05-01T08:59:57","modified_gmt":"2019-05-01T11:59:57","slug":"centrais-se-preparam-para-chamar-greve-geral-contra-previdencia-neste-1o-de-maio","status":"publish","type":"post","link":"https:\/\/www.caririemacao.com\/1\/2019\/05\/01\/centrais-se-preparam-para-chamar-greve-geral-contra-previdencia-neste-1o-de-maio\/","title":{"rendered":"Centrais se preparam para chamar greve geral contra Previd\u00eancia neste 1\u00ba de Maio"},"content":{"rendered":"\n<p>As principais centrais sindicais brasileiras estar\u00e3o reunidas pela primeira vez na hist\u00f3ria em atos unificados pelo Dia do Trabalhador nesta quarta-feira (1\u00ba).<\/p>\n\n\n\n<p>Segundo a organiza\u00e7\u00e3o, haver\u00e1 manifesta\u00e7\u00f5es pol\u00edticas e culturais em 13 estados, al\u00e9m do Distrito Federal.<\/p>\n\n\n\n<p>O grupo vai anunciar uma greve geral nacional para o dia 14 de junho contra a reforma da Previd\u00eancia, que tramita na C\u00e2mara dos Deputados.<\/p>\n\n\n\n<p>Para garantir a participa\u00e7\u00e3o de todas as centrais, foi definida uma pauta m\u00ednima: em defesa dos direitos dos trabalhadores; contra o fim da aposentadoria; pela gera\u00e7\u00e3o de novas vagas de empregos e sal\u00e1rios decentes.<br>Dirigentes sindicais chegaram a propor que houvesse a inclus\u00e3o do movimento \u201cLula Livre\u201d na pauta.<\/p>\n\n\n\n<p>Por\u00e9m, segundo organizadores, a Conlutas -ligada ao PSTU- n\u00e3o concordou.<\/p>\n\n\n\n<p>Participam CUT, For\u00e7a Sindical, CTB, UGT, Intersindical, CSB, CGTB, Nova Central, CSP-Conlutas, al\u00e9m das frentes Brasil Popular e Povo Sem Medo.<\/p>\n\n\n\n<p>Com um or\u00e7amento de R$ 700 mil -fruto do rateio das centrais- os sindicalistas pretendem reunir 200 mil pessoas no Vale do Anhangaba\u00fa, na regi\u00e3o central de S\u00e3o Paulo.<\/p>\n\n\n\n<p>Na capital paulista, a programa\u00e7\u00e3o come\u00e7a \u00e0s 11h.<\/p>\n\n\n\n<p>Al\u00e9m da fala dos organizadores, haver\u00e1 espa\u00e7o para discursos de tr\u00eas minutos de lideran\u00e7as pol\u00edticas, como do PT, PSOL e PDT, e de representantes da UNE (Uni\u00e3o Nacional dos Estudantes) e do F\u00f3rum Nacional das Mulheres.<br>A partir das 14h, seguem as apresenta\u00e7\u00f5es musicais, como a da cantora Lecy Brand\u00e3o e as das duplas Maiara e Mara\u00edsa e Simone e Simaria. Ludmilla fecha \u00e0s 19h.<\/p>\n\n\n\n<p>Copatrocinador do ato, o prefeito de S\u00e3o Paulo, Bruno Covas (PSDB), garantiu o fornecimento de banheiros qu\u00edmicos e grades e deu suporte para a instala\u00e7\u00e3o do palco. Convidado por Paulinho da For\u00e7a, Covas avisou que ir\u00e1 ao Vale do Anhangaba\u00fa.<\/p>\n","protected":false},"excerpt":{"rendered":"<p>As principais centrais sindicais brasileiras estar\u00e3o reunidas pela primeira vez na hist\u00f3ria em atos unificados pelo Dia do Trabalhador nesta quarta-feira (1\u00ba). Segundo a organiza\u00e7\u00e3o,&hellip; <\/p>\n","protected":false},"author":1,"featured_media":93562,"comment_status":"closed","ping_status":"closed","sticky":false,"template":"","format":"standard","meta":{"sfsi_plus_gutenberg_text_before_share":"","sfsi_plus_gutenberg_show_text_before_share":"","sfsi_plus_gutenberg_icon_type":"","sfsi_plus_gutenberg_icon_alignemt":"","sfsi_plus_gutenburg_max_per_row":"","footnotes":""},"categories":[2],"tags":[],"class_list":["post-93559","post","type-post","status-publish","format-standard","has-post-thumbnail","hentry","category-geral"],"_links":{"self":[{"href":"https:\/\/www.caririemacao.com\/1\/wp-json\/wp\/v2\/posts\/93559","targetHints":{"allow":["GET"]}}],"collection":[{"href":"https:\/\/www.caririemacao.com\/1\/wp-json\/wp\/v2\/posts"}],"about":[{"href":"https:\/\/www.caririemacao.com\/1\/wp-json\/wp\/v2\/types\/post"}],"author":[{"embeddable":true,"href":"https:\/\/www.caririemacao.com\/1\/wp-json\/wp\/v2\/users\/1"}],"replies":[{"embeddable":true,"href":"https:\/\/www.caririemacao.com\/1\/wp-json\/wp\/v2\/comments?post=93559"}],"version-history":[{"count":1,"href":"https:\/\/www.caririemacao.com\/1\/wp-json\/wp\/v2\/posts\/93559\/revisions"}],"predecessor-version":[{"id":93563,"href":"https:\/\/www.caririemacao.com\/1\/wp-json\/wp\/v2\/posts\/93559\/revisions\/93563"}],"wp:featuredmedia":[{"embeddable":true,"href":"https:\/\/www.caririemacao.com\/1\/wp-json\/wp\/v2\/media\/93562"}],"wp:attachment":[{"href":"https:\/\/www.caririemacao.com\/1\/wp-json\/wp\/v2\/media?parent=93559"}],"wp:term":[{"taxonomy":"category","embeddable":true,"href":"https:\/\/www.caririemacao.com\/1\/wp-json\/wp\/v2\/categories?post=93559"},{"taxonomy":"post_tag","embeddable":true,"href":"https:\/\/www.caririemacao.com\/1\/wp-json\/wp\/v2\/tags?post=93559"}],"curies":[{"name":"wp","href":"https:\/\/api.w.org\/{rel}","templated":true}]}}