{"id":93567,"date":"2019-05-01T09:03:07","date_gmt":"2019-05-01T12:03:07","guid":{"rendered":"http:\/\/www.caririemacao.com\/1\/?p=93567"},"modified":"2019-05-01T09:03:07","modified_gmt":"2019-05-01T12:03:07","slug":"prefeito-inacio-emite-mensagem-no-dia-do-trabalhador","status":"publish","type":"post","link":"https:\/\/www.caririemacao.com\/1\/2019\/05\/01\/prefeito-inacio-emite-mensagem-no-dia-do-trabalhador\/","title":{"rendered":"Prefeito In\u00e1cio emite Mensagem no Dia do Trabalhador"},"content":{"rendered":"\n<p>Neste 1\u00ba de Maio, Dia Mundial do Trabalho, queremos em nome\nda Prefeitura de Amparo parabenizar cada um dos trabalhadores amparenses e em\nespecial cada um dos nossos grandes colaboradores de administra\u00e7\u00e3o, nossos\nservidores municipais.<\/p>\n\n\n\n<p>Entendemos esta data, mais de uma comemora\u00e7\u00e3o das\nconquistas, \u00e9 um momento de reflex\u00e3o no sentido de olharmos adiante e perceber\nque muito h\u00e1 por ser feito em prol do trabalho e dos trabalhadores.<\/p>\n\n\n\n<p>Entendemos que esta atividade laboral, seja qual for, tem\nsua relevante contribui\u00e7\u00e3o em nosso sociedade e \u00e9 atrav\u00e9s da sua valoriza\u00e7\u00e3o,\ndo trabalhador como ser humano, que iremos dignificar a cada um.<\/p>\n\n\n\n<p>Um grande e fraterno e caloroso abra\u00e7o!<\/p>\n\n\n\n<p>In\u00e1cio N\u00f3brega \u2013 Prefeito de Amparo <\/p>\n","protected":false},"excerpt":{"rendered":"<p>Neste 1\u00ba de Maio, Dia Mundial do Trabalho, queremos em nome da Prefeitura de Amparo parabenizar cada um dos trabalhadores amparenses e em especial cada&hellip; <\/p>\n","protected":false},"author":2,"featured_media":93568,"comment_status":"closed","ping_status":"closed","sticky":false,"template":"","format":"standard","meta":{"sfsi_plus_gutenberg_text_before_share":"","sfsi_plus_gutenberg_show_text_before_share":"","sfsi_plus_gutenberg_icon_type":"","sfsi_plus_gutenberg_icon_alignemt":"","sfsi_plus_gutenburg_max_per_row":"","footnotes":""},"categories":[50,11],"tags":[],"class_list":["post-93567","post","type-post","status-publish","format-standard","has-post-thumbnail","hentry","category-destaque","category-politica"],"_links":{"self":[{"href":"https:\/\/www.caririemacao.com\/1\/wp-json\/wp\/v2\/posts\/93567","targetHints":{"allow":["GET"]}}],"collection":[{"href":"https:\/\/www.caririemacao.com\/1\/wp-json\/wp\/v2\/posts"}],"about":[{"href":"https:\/\/www.caririemacao.com\/1\/wp-json\/wp\/v2\/types\/post"}],"author":[{"embeddable":true,"href":"https:\/\/www.caririemacao.com\/1\/wp-json\/wp\/v2\/users\/2"}],"replies":[{"embeddable":true,"href":"https:\/\/www.caririemacao.com\/1\/wp-json\/wp\/v2\/comments?post=93567"}],"version-history":[{"count":1,"href":"https:\/\/www.caririemacao.com\/1\/wp-json\/wp\/v2\/posts\/93567\/revisions"}],"predecessor-version":[{"id":93569,"href":"https:\/\/www.caririemacao.com\/1\/wp-json\/wp\/v2\/posts\/93567\/revisions\/93569"}],"wp:featuredmedia":[{"embeddable":true,"href":"https:\/\/www.caririemacao.com\/1\/wp-json\/wp\/v2\/media\/93568"}],"wp:attachment":[{"href":"https:\/\/www.caririemacao.com\/1\/wp-json\/wp\/v2\/media?parent=93567"}],"wp:term":[{"taxonomy":"category","embeddable":true,"href":"https:\/\/www.caririemacao.com\/1\/wp-json\/wp\/v2\/categories?post=93567"},{"taxonomy":"post_tag","embeddable":true,"href":"https:\/\/www.caririemacao.com\/1\/wp-json\/wp\/v2\/tags?post=93567"}],"curies":[{"name":"wp","href":"https:\/\/api.w.org\/{rel}","templated":true}]}}