{"id":93570,"date":"2019-05-01T09:07:56","date_gmt":"2019-05-01T12:07:56","guid":{"rendered":"http:\/\/www.caririemacao.com\/1\/?p=93570"},"modified":"2019-05-01T09:07:56","modified_gmt":"2019-05-01T12:07:56","slug":"camalau-mensagem-do-prefeito-sandro-moco-ao-dia-do-trabalhador","status":"publish","type":"post","link":"https:\/\/www.caririemacao.com\/1\/2019\/05\/01\/camalau-mensagem-do-prefeito-sandro-moco-ao-dia-do-trabalhador\/","title":{"rendered":"CAMALA\u00da: Mensagem do Prefeito Sandro M\u00f4co ao dia do Trabalhador"},"content":{"rendered":"\n<p>Neste primeiro de Maio, comemora-se o Dia do Trabalhador, e\neu n\u00e3o poderia ficar sem deixar uma mensagem a todos os trabalhadores e em\nespecial aos trabalhadores e trabalhadoras de Camala\u00fa.<\/p>\n\n\n\n<p>Que neste 01 de Maio \u201cDia do Trabalhador\u201d, possamos\ncomemorar juntos nossas conquistas, as atuais e aquelas que ainda vir\u00e3o, fruto\nda nossa luta. Pois o trabalho \u00e9 a base da vida humana e uma das suas maiores\nconquistas, pois \u00e9 atrav\u00e9s dele que n\u00f3s realizamos enquanto pessoas.<\/p>\n\n\n\n<p>Como Gestor Municipal quero agradecer a todos os\ntrabalhadores que transformam, desenvolvem, cooperam e ajudam a construir todos\nos dias uma nova hist\u00f3ria de nosso munic\u00edpio.<\/p>\n\n\n\n<p>E estendo esses agradecimentos de modo especial aos nossos\nServidores P\u00fablicos Municipais, que desempenham sua fun\u00e7\u00e3o com responsabilidade\ne engrandecem o nosso munic\u00edpio.<\/p>\n\n\n\n<p>Portanto fica aqui a minha gratid\u00e3o a todos voc\u00eas, por fazer\nde Camala\u00fa um lugar melhor de se viver, com mais dignidade e mais cidadania.\nQue Deus proteja cada trabalhador, trabalhadora, sua fam\u00edlia e seus lares.<br>\nFeliz Dia do Trabalhador a todos!<\/p>\n","protected":false},"excerpt":{"rendered":"<p>Neste primeiro de Maio, comemora-se o Dia do Trabalhador, e eu n\u00e3o poderia ficar sem deixar uma mensagem a todos os trabalhadores e em especial&hellip; <\/p>\n","protected":false},"author":2,"featured_media":93571,"comment_status":"closed","ping_status":"closed","sticky":false,"template":"","format":"standard","meta":{"sfsi_plus_gutenberg_text_before_share":"","sfsi_plus_gutenberg_show_text_before_share":"","sfsi_plus_gutenberg_icon_type":"","sfsi_plus_gutenberg_icon_alignemt":"","sfsi_plus_gutenburg_max_per_row":"","footnotes":""},"categories":[6,50],"tags":[],"class_list":["post-93570","post","type-post","status-publish","format-standard","has-post-thumbnail","hentry","category-cidades","category-destaque"],"_links":{"self":[{"href":"https:\/\/www.caririemacao.com\/1\/wp-json\/wp\/v2\/posts\/93570","targetHints":{"allow":["GET"]}}],"collection":[{"href":"https:\/\/www.caririemacao.com\/1\/wp-json\/wp\/v2\/posts"}],"about":[{"href":"https:\/\/www.caririemacao.com\/1\/wp-json\/wp\/v2\/types\/post"}],"author":[{"embeddable":true,"href":"https:\/\/www.caririemacao.com\/1\/wp-json\/wp\/v2\/users\/2"}],"replies":[{"embeddable":true,"href":"https:\/\/www.caririemacao.com\/1\/wp-json\/wp\/v2\/comments?post=93570"}],"version-history":[{"count":1,"href":"https:\/\/www.caririemacao.com\/1\/wp-json\/wp\/v2\/posts\/93570\/revisions"}],"predecessor-version":[{"id":93572,"href":"https:\/\/www.caririemacao.com\/1\/wp-json\/wp\/v2\/posts\/93570\/revisions\/93572"}],"wp:featuredmedia":[{"embeddable":true,"href":"https:\/\/www.caririemacao.com\/1\/wp-json\/wp\/v2\/media\/93571"}],"wp:attachment":[{"href":"https:\/\/www.caririemacao.com\/1\/wp-json\/wp\/v2\/media?parent=93570"}],"wp:term":[{"taxonomy":"category","embeddable":true,"href":"https:\/\/www.caririemacao.com\/1\/wp-json\/wp\/v2\/categories?post=93570"},{"taxonomy":"post_tag","embeddable":true,"href":"https:\/\/www.caririemacao.com\/1\/wp-json\/wp\/v2\/tags?post=93570"}],"curies":[{"name":"wp","href":"https:\/\/api.w.org\/{rel}","templated":true}]}}