{"id":93573,"date":"2019-05-01T09:17:30","date_gmt":"2019-05-01T12:17:30","guid":{"rendered":"http:\/\/www.caririemacao.com\/1\/?p=93573"},"modified":"2019-05-01T09:17:30","modified_gmt":"2019-05-01T12:17:30","slug":"mensagem-do-prefeito-de-caraubas-em-relacao-ao-dia-do-trabalhador","status":"publish","type":"post","link":"https:\/\/www.caririemacao.com\/1\/2019\/05\/01\/mensagem-do-prefeito-de-caraubas-em-relacao-ao-dia-do-trabalhador\/","title":{"rendered":"Mensagem do prefeito de Cara\u00fabas em rela\u00e7\u00e3o ao Dia do Trabalhador"},"content":{"rendered":"\n<p>Nesta quarta-feira, primeiro de Maio, comemora-se o Dia do\nTrabalhador, e eu n\u00e3o poderia ficar sem deixar uma mensagem a todos os\ntrabalhadores e em especial aos trabalhadores(as) de Cara\u00fabas\/PB.<\/p>\n\n\n\n<p>Que neste 01 de Maio \u201cDia do Trabalhador\u201d, possamos\ncomemorar juntos nossas conquistas atuais e aquelas que ainda vir\u00e3o, fruto da\nincessante luta dos trabalhadores pelos seus plenos direitos. Pois, este \u00e9 um\ndia de reflex\u00e3o e para avaliarmos nossa participa\u00e7\u00e3o na constru\u00e7\u00e3o de uma\nCara\u00fabas mais humano.<br>\nO trabalho \u00e9 a base da vida humana e uma das suas maiores conquistas, pois \u00e9\natrav\u00e9s dele que n\u00f3s realizamos enquanto pessoas, atuando numa postura cidad\u00e3\ndiante da vida, como colaboradores universais de um bem maior: Produzir com\nconsci\u00eancia e responsabilidade, visando ao bem comum, sendo esse fazer\nimprescind\u00edvel ao processo de crescimento de todo e qualquer.<\/p>\n\n\n\n<p>Esse dia t\u00e3o reverenciado no mundo diz muito do que somos e\ndo nosso papel, enquanto formadores e transformadores da sociedade, atrav\u00e9s do\nnosso fazer profissional, da nossa compet\u00eancia humana de lidar com os problemas\ne solucion\u00e1-los de forma consequente. Esse \u00e9 o nosso grande referencial e\ndiferencial, enquanto seres pensantes e atuantes, comprometidos com n\u00f3s mesmos\ne com o povo de Cara\u00fabas.<\/p>\n","protected":false},"excerpt":{"rendered":"<p>Nesta quarta-feira, primeiro de Maio, comemora-se o Dia do Trabalhador, e eu n\u00e3o poderia ficar sem deixar uma mensagem a todos os trabalhadores e em&hellip; <\/p>\n","protected":false},"author":2,"featured_media":93574,"comment_status":"closed","ping_status":"closed","sticky":false,"template":"","format":"standard","meta":{"sfsi_plus_gutenberg_text_before_share":"","sfsi_plus_gutenberg_show_text_before_share":"","sfsi_plus_gutenberg_icon_type":"","sfsi_plus_gutenberg_icon_alignemt":"","sfsi_plus_gutenburg_max_per_row":"","footnotes":""},"categories":[50,2],"tags":[],"class_list":["post-93573","post","type-post","status-publish","format-standard","has-post-thumbnail","hentry","category-destaque","category-geral"],"_links":{"self":[{"href":"https:\/\/www.caririemacao.com\/1\/wp-json\/wp\/v2\/posts\/93573","targetHints":{"allow":["GET"]}}],"collection":[{"href":"https:\/\/www.caririemacao.com\/1\/wp-json\/wp\/v2\/posts"}],"about":[{"href":"https:\/\/www.caririemacao.com\/1\/wp-json\/wp\/v2\/types\/post"}],"author":[{"embeddable":true,"href":"https:\/\/www.caririemacao.com\/1\/wp-json\/wp\/v2\/users\/2"}],"replies":[{"embeddable":true,"href":"https:\/\/www.caririemacao.com\/1\/wp-json\/wp\/v2\/comments?post=93573"}],"version-history":[{"count":1,"href":"https:\/\/www.caririemacao.com\/1\/wp-json\/wp\/v2\/posts\/93573\/revisions"}],"predecessor-version":[{"id":93575,"href":"https:\/\/www.caririemacao.com\/1\/wp-json\/wp\/v2\/posts\/93573\/revisions\/93575"}],"wp:featuredmedia":[{"embeddable":true,"href":"https:\/\/www.caririemacao.com\/1\/wp-json\/wp\/v2\/media\/93574"}],"wp:attachment":[{"href":"https:\/\/www.caririemacao.com\/1\/wp-json\/wp\/v2\/media?parent=93573"}],"wp:term":[{"taxonomy":"category","embeddable":true,"href":"https:\/\/www.caririemacao.com\/1\/wp-json\/wp\/v2\/categories?post=93573"},{"taxonomy":"post_tag","embeddable":true,"href":"https:\/\/www.caririemacao.com\/1\/wp-json\/wp\/v2\/tags?post=93573"}],"curies":[{"name":"wp","href":"https:\/\/api.w.org\/{rel}","templated":true}]}}