{"id":93576,"date":"2019-05-01T09:25:31","date_gmt":"2019-05-01T12:25:31","guid":{"rendered":"http:\/\/www.caririemacao.com\/1\/?p=93576"},"modified":"2019-05-01T09:25:31","modified_gmt":"2019-05-01T12:25:31","slug":"empresas-desistem-de-patrocinar-homenagem-a-bolsonaro","status":"publish","type":"post","link":"https:\/\/www.caririemacao.com\/1\/2019\/05\/01\/empresas-desistem-de-patrocinar-homenagem-a-bolsonaro\/","title":{"rendered":"Empresas desistem de patrocinar homenagem a Bolsonaro"},"content":{"rendered":"\n<p>Ap\u00f3s press\u00e3o, companhia \u00e1rea, jornal e consultoria abandonam cerim\u00f4nia em Nova York que vai conferir pr\u00eamio de &#8220;Pessoa do Ano&#8221; ao presidente. Hotel que alugou espa\u00e7o para jantar de gala tamb\u00e9m est\u00e1 na mira de ativistas.<\/p>\n\n\n\n<p>Pelo menos tr\u00eas empresas que figuravam entre as patrocinadoras de um evento na C\u00e2mara de Com\u00e9rcio Brasil-Estados Unidos que vai homenagear o presidente Jair Bolsonaro como &#8220;Pessoa do Ano&#8221; retiraram seus apoios. A cerim\u00f4nia de entrega est\u00e1 prevista para ocorrer em 14 de maio, em Nova York.<\/p>\n\n\n\n<p>A informa\u00e7\u00e3o foi divulgada nesta ter\u00e7a-feira (30\/04) pela rede americana CNBC e marca mais um rev\u00e9s para o evento, que tem sido cercado por pol\u00eamicas desde que Bolsonaro foi anunciado como homenageado.<\/p>\n\n\n\n<p>Segundo a CNBC, entre os patrocinadores que desistiram de associar ao evento est\u00e3o a companhia a\u00e9rea Delta, a consultoria Bain &amp; Company e o jornal Financial Times.<br>A Delta e o Financial Times n\u00e3o comentaram os motivos da decis\u00e3o. J\u00e1 a consultoria de gest\u00e3o Bain &amp; Company se limitou a informar que continua a apoiar a C\u00e2mara de Com\u00e9rcio Brasil-Estados Unidos, mas preferiu n\u00e3o patrocinar a cerim\u00f4nia.<\/p>\n\n\n\n<p>De acordo com a CNBC, os patrocinadores do evento t\u00eam sofrido press\u00e3o de ativistas por causa do longo hist\u00f3rico de declara\u00e7\u00f5es homof\u00f3bicas e mis\u00f3ginas de Bolsonaro.<\/p>\n\n\n\n<p>Desde 1970, a C\u00e2mara de Com\u00e9rcio Brasil-Estados Unidos escolhe todos os anos duas personalidades para homenagear, uma americana e outra brasileira. A cerim\u00f4nia de premia\u00e7\u00e3o ocorre durante um jantar de gala com a presen\u00e7a de cerca de mil convidados, com entradas a pre\u00e7o individual de 30 mil d\u00f3lares.<br>Antes da sa\u00edda dos patrocinadores, o evento j\u00e1 havia sofrido pelo menos dois reveses. Inicialmente, a cerim\u00f4nia estava prevista para ocorrer em um espa\u00e7o de eventos do Museu de Hist\u00f3ria Natural de Nova York (AMNH).<\/p>\n\n\n\n<p>Ap\u00f3s press\u00e3o de ativistas e funcion\u00e1rios da institui\u00e7\u00e3o, que argumentaram que a homenagem seria &#8220;uma mancha na reputa\u00e7\u00e3o do museu&#8221;, a dire\u00e7\u00e3o da institui\u00e7\u00e3o decidiu revogar o aluguel do espa\u00e7o. Neste caso tamb\u00e9m pesou a postura de Bolsonaro em rela\u00e7\u00e3o \u00e0 preserva\u00e7\u00e3o do meio ambiente.<\/p>\n\n\n\n<p>Antes de tomar a decis\u00e3o final sobre o cancelamento, o museu chegou a afirmar em comunicado que havia alugado suas instala\u00e7\u00f5es &#8220;antes que o homenageado fosse conhecido&#8221;.<\/p>\n\n\n\n<p>Depois disso, o restaurante Cipriani Hall, em Wall Street, se recusou a sediar o evento diante da press\u00e3o de cr\u00edticos do presidente, entre eles o prefeito de Nova York, Bill de Blasio, que chamou Bolsonaro de &#8220;um ser humano muito perigoso&#8221;.<\/p>\n\n\n\n<p>Por fim, os organizadores conseguiram alugar um espa\u00e7o em um hotel da rede Marriott na Times Square. Mas, de acordo com a CNBC, a rede hoteleira tamb\u00e9m vem sendo alvo da press\u00e3o de ativistas e cr\u00edticos do presidente.<\/p>\n\n\n\n<p>Em uma carta enviada \u00e0 dire\u00e7\u00e3o da rede Marriott, o senador estadual democrata de Nova York Brad Hoylman pediu que a empresa reconsiderasse o aluguel do espa\u00e7o, alegando que Bolsonaro \u00e9 um &#8220;homof\u00f3bico perigoso e violento, que n\u00e3o merece uma plataforma p\u00fablica de reconhecimento em nossa cidade&#8221;. &#8220;O \u00fanico pr\u00eamio que Bolsonaro merece \u00e9 o de &#8216;intolerante do ano'&#8221;, disse.<\/p>\n\n\n\n<p>Em resposta \u00e0 press\u00e3o, um porta-voz da rede afirmou que \u00e9 &#8220;obrigada por lei a aceitar a transa\u00e7\u00e3o mesmo quando isso entrar em conflito com nossos valores&#8221;. A rede \u00e9 parte da C\u00e2mara Nacional de Com\u00e9rcio de Gays e L\u00e9sbicas dos EUA e patrocina o Centro Nacional para Direitos L\u00e9sbicos e seus executivos s\u00e3o conhecidos por defenderem publicamente causas LGBT.<\/p>\n\n\n\n<p>Entre os patrocinadores que ainda mant\u00eam apoio ao evento est\u00e3o os bancos HSBC, Citigroup, JPMorgan, UBS, Bank of New York Mellon, Santander, BNP Paribas e a operadora de planos de sa\u00fade UnitedHealth.<\/p>\n\n\n\n<p>No ano passado, os ganhadores da honraria oferecida pela C\u00e2mara de Com\u00e9rcio Brasil-Estados Unidos foram o ex-juiz e atual ministro da Justi\u00e7a e Seguran\u00e7a P\u00fablica, Sergio Moro, e o ex-prefeito de Nova York Michael Bloomberg.<\/p>\n","protected":false},"excerpt":{"rendered":"<p>Ap\u00f3s press\u00e3o, companhia \u00e1rea, jornal e consultoria abandonam cerim\u00f4nia em Nova York que vai conferir pr\u00eamio de &#8220;Pessoa do Ano&#8221; ao presidente. Hotel que alugou&hellip; <\/p>\n","protected":false},"author":1,"featured_media":93577,"comment_status":"closed","ping_status":"closed","sticky":false,"template":"","format":"standard","meta":{"sfsi_plus_gutenberg_text_before_share":"","sfsi_plus_gutenberg_show_text_before_share":"","sfsi_plus_gutenberg_icon_type":"","sfsi_plus_gutenberg_icon_alignemt":"","sfsi_plus_gutenburg_max_per_row":"","footnotes":""},"categories":[11],"tags":[],"class_list":["post-93576","post","type-post","status-publish","format-standard","has-post-thumbnail","hentry","category-politica"],"_links":{"self":[{"href":"https:\/\/www.caririemacao.com\/1\/wp-json\/wp\/v2\/posts\/93576","targetHints":{"allow":["GET"]}}],"collection":[{"href":"https:\/\/www.caririemacao.com\/1\/wp-json\/wp\/v2\/posts"}],"about":[{"href":"https:\/\/www.caririemacao.com\/1\/wp-json\/wp\/v2\/types\/post"}],"author":[{"embeddable":true,"href":"https:\/\/www.caririemacao.com\/1\/wp-json\/wp\/v2\/users\/1"}],"replies":[{"embeddable":true,"href":"https:\/\/www.caririemacao.com\/1\/wp-json\/wp\/v2\/comments?post=93576"}],"version-history":[{"count":1,"href":"https:\/\/www.caririemacao.com\/1\/wp-json\/wp\/v2\/posts\/93576\/revisions"}],"predecessor-version":[{"id":93578,"href":"https:\/\/www.caririemacao.com\/1\/wp-json\/wp\/v2\/posts\/93576\/revisions\/93578"}],"wp:featuredmedia":[{"embeddable":true,"href":"https:\/\/www.caririemacao.com\/1\/wp-json\/wp\/v2\/media\/93577"}],"wp:attachment":[{"href":"https:\/\/www.caririemacao.com\/1\/wp-json\/wp\/v2\/media?parent=93576"}],"wp:term":[{"taxonomy":"category","embeddable":true,"href":"https:\/\/www.caririemacao.com\/1\/wp-json\/wp\/v2\/categories?post=93576"},{"taxonomy":"post_tag","embeddable":true,"href":"https:\/\/www.caririemacao.com\/1\/wp-json\/wp\/v2\/tags?post=93576"}],"curies":[{"name":"wp","href":"https:\/\/api.w.org\/{rel}","templated":true}]}}