{"id":93579,"date":"2019-05-01T09:27:53","date_gmt":"2019-05-01T12:27:53","guid":{"rendered":"http:\/\/www.caririemacao.com\/1\/?p=93579"},"modified":"2019-05-01T09:27:53","modified_gmt":"2019-05-01T12:27:53","slug":"confira-a-previsao-do-tempo-e-o-clima-para-o-feriado-de-dia-do-trabalho","status":"publish","type":"post","link":"https:\/\/www.caririemacao.com\/1\/2019\/05\/01\/confira-a-previsao-do-tempo-e-o-clima-para-o-feriado-de-dia-do-trabalho\/","title":{"rendered":"Confira a previs\u00e3o do tempo e o clima para o feriado de Dia do Trabalho"},"content":{"rendered":"\n<p>Nesta quarta-feira (1\u00ba), feriado do Dia do Trabalho, a temperatura na Para\u00edba varia entre 22\u00ba C no Brejo e 34\u00ba no Sert\u00e3o. No Litoral paraibano a temperatura oscila entre 23\u00ba C e 31\u00ba C. J\u00e1 no Agreste, a varia\u00e7\u00e3o \u00e9 de 22\u00b0C at\u00e9 30\u00b0C.<\/p>\n\n\n\n<p>A Ag\u00eancia&nbsp;&nbsp;Executiva de Gest\u00e3o das \u00c1guas (Aesa) informou que durante o dia a nebulosidade deve variar com possibilidade de chuvas localizadas em algumas partes do estado.&nbsp;<br><\/p>\n\n\n\n<p>Na capital, a previs\u00e3o \u00e9 de sol e aumento de nuvens de manh\u00e3, com pancada de chuva na parte da tarde e noite. Em Campina Grande, o feriado vai ser de sol e aumento de nuvens de manh\u00e3. Pancadas de chuva \u00e0 tarde e \u00e0 noite.&nbsp;<\/p>\n","protected":false},"excerpt":{"rendered":"<p>Nesta quarta-feira (1\u00ba), feriado do Dia do Trabalho, a temperatura na Para\u00edba varia entre 22\u00ba C no Brejo e 34\u00ba no Sert\u00e3o. No Litoral paraibano&hellip; <\/p>\n","protected":false},"author":1,"featured_media":93580,"comment_status":"closed","ping_status":"closed","sticky":false,"template":"","format":"standard","meta":{"sfsi_plus_gutenberg_text_before_share":"","sfsi_plus_gutenberg_show_text_before_share":"","sfsi_plus_gutenberg_icon_type":"","sfsi_plus_gutenberg_icon_alignemt":"","sfsi_plus_gutenburg_max_per_row":"","footnotes":""},"categories":[6],"tags":[],"class_list":["post-93579","post","type-post","status-publish","format-standard","has-post-thumbnail","hentry","category-cidades"],"_links":{"self":[{"href":"https:\/\/www.caririemacao.com\/1\/wp-json\/wp\/v2\/posts\/93579","targetHints":{"allow":["GET"]}}],"collection":[{"href":"https:\/\/www.caririemacao.com\/1\/wp-json\/wp\/v2\/posts"}],"about":[{"href":"https:\/\/www.caririemacao.com\/1\/wp-json\/wp\/v2\/types\/post"}],"author":[{"embeddable":true,"href":"https:\/\/www.caririemacao.com\/1\/wp-json\/wp\/v2\/users\/1"}],"replies":[{"embeddable":true,"href":"https:\/\/www.caririemacao.com\/1\/wp-json\/wp\/v2\/comments?post=93579"}],"version-history":[{"count":1,"href":"https:\/\/www.caririemacao.com\/1\/wp-json\/wp\/v2\/posts\/93579\/revisions"}],"predecessor-version":[{"id":93581,"href":"https:\/\/www.caririemacao.com\/1\/wp-json\/wp\/v2\/posts\/93579\/revisions\/93581"}],"wp:featuredmedia":[{"embeddable":true,"href":"https:\/\/www.caririemacao.com\/1\/wp-json\/wp\/v2\/media\/93580"}],"wp:attachment":[{"href":"https:\/\/www.caririemacao.com\/1\/wp-json\/wp\/v2\/media?parent=93579"}],"wp:term":[{"taxonomy":"category","embeddable":true,"href":"https:\/\/www.caririemacao.com\/1\/wp-json\/wp\/v2\/categories?post=93579"},{"taxonomy":"post_tag","embeddable":true,"href":"https:\/\/www.caririemacao.com\/1\/wp-json\/wp\/v2\/tags?post=93579"}],"curies":[{"name":"wp","href":"https:\/\/api.w.org\/{rel}","templated":true}]}}