{"id":93582,"date":"2019-05-01T09:34:39","date_gmt":"2019-05-01T12:34:39","guid":{"rendered":"http:\/\/www.caririemacao.com\/1\/?p=93582"},"modified":"2019-05-01T09:34:39","modified_gmt":"2019-05-01T12:34:39","slug":"homenagem-do-prefeito-adriano-wolff-ao-dia-do-trabalhador-01-de-maio","status":"publish","type":"post","link":"https:\/\/www.caririemacao.com\/1\/2019\/05\/01\/homenagem-do-prefeito-adriano-wolff-ao-dia-do-trabalhador-01-de-maio\/","title":{"rendered":"Homenagem do prefeito Adriano Wolff ao Dia do Trabalhador &#8211; 01 de maio"},"content":{"rendered":"\n<p>Nesta data dedicada ao Dia do Trabalho quero parabenizar a\ntodos os trabalhadores de S\u00e3o Sebasti\u00e3o do Umbuzeiro pelos esfor\u00e7os di\u00e1rios em\nprol da fam\u00edlia, da comunidade, da sociedade e do bem estar de todos.&nbsp;<\/p>\n\n\n\n<p>Todos juntos somos mais fortes! Fortes para construir a cada\ndia uma cidade mais digna, com mais qualidade de vida.&nbsp;<\/p>\n\n\n\n<p>Obrigado a cada trabalhador e trabalhadora, principalmente\nos nossos servidores municipais, por fazer do munic\u00edpio um lugar pr\u00f3spero e bom\npara se viver! Parab\u00e9ns a todos os trabalhadores de S\u00e3o Sebasti\u00e3o do Umbuzeiro!<\/p>\n\n\n\n<p>S\u00e3o os votos do prefeito Adriano Wolff<\/p>\n","protected":false},"excerpt":{"rendered":"<p>Nesta data dedicada ao Dia do Trabalho quero parabenizar a todos os trabalhadores de S\u00e3o Sebasti\u00e3o do Umbuzeiro pelos esfor\u00e7os di\u00e1rios em prol da fam\u00edlia,&hellip; <\/p>\n","protected":false},"author":2,"featured_media":34920,"comment_status":"closed","ping_status":"closed","sticky":false,"template":"","format":"standard","meta":{"sfsi_plus_gutenberg_text_before_share":"","sfsi_plus_gutenberg_show_text_before_share":"","sfsi_plus_gutenberg_icon_type":"","sfsi_plus_gutenberg_icon_alignemt":"","sfsi_plus_gutenburg_max_per_row":"","footnotes":""},"categories":[50,11],"tags":[],"class_list":["post-93582","post","type-post","status-publish","format-standard","has-post-thumbnail","hentry","category-destaque","category-politica"],"_links":{"self":[{"href":"https:\/\/www.caririemacao.com\/1\/wp-json\/wp\/v2\/posts\/93582","targetHints":{"allow":["GET"]}}],"collection":[{"href":"https:\/\/www.caririemacao.com\/1\/wp-json\/wp\/v2\/posts"}],"about":[{"href":"https:\/\/www.caririemacao.com\/1\/wp-json\/wp\/v2\/types\/post"}],"author":[{"embeddable":true,"href":"https:\/\/www.caririemacao.com\/1\/wp-json\/wp\/v2\/users\/2"}],"replies":[{"embeddable":true,"href":"https:\/\/www.caririemacao.com\/1\/wp-json\/wp\/v2\/comments?post=93582"}],"version-history":[{"count":1,"href":"https:\/\/www.caririemacao.com\/1\/wp-json\/wp\/v2\/posts\/93582\/revisions"}],"predecessor-version":[{"id":93583,"href":"https:\/\/www.caririemacao.com\/1\/wp-json\/wp\/v2\/posts\/93582\/revisions\/93583"}],"wp:featuredmedia":[{"embeddable":true,"href":"https:\/\/www.caririemacao.com\/1\/wp-json\/wp\/v2\/media\/34920"}],"wp:attachment":[{"href":"https:\/\/www.caririemacao.com\/1\/wp-json\/wp\/v2\/media?parent=93582"}],"wp:term":[{"taxonomy":"category","embeddable":true,"href":"https:\/\/www.caririemacao.com\/1\/wp-json\/wp\/v2\/categories?post=93582"},{"taxonomy":"post_tag","embeddable":true,"href":"https:\/\/www.caririemacao.com\/1\/wp-json\/wp\/v2\/tags?post=93582"}],"curies":[{"name":"wp","href":"https:\/\/api.w.org\/{rel}","templated":true}]}}