{"id":93584,"date":"2019-05-01T09:49:11","date_gmt":"2019-05-01T12:49:11","guid":{"rendered":"http:\/\/www.caririemacao.com\/1\/?p=93584"},"modified":"2019-05-01T09:49:11","modified_gmt":"2019-05-01T12:49:11","slug":"mensagem-do-prefeito-jefferson-roberto-ao-dia-do-trabalhador","status":"publish","type":"post","link":"https:\/\/www.caririemacao.com\/1\/2019\/05\/01\/mensagem-do-prefeito-jefferson-roberto-ao-dia-do-trabalhador\/","title":{"rendered":"Mensagem do prefeito Jefferson Roberto ao Dia do Trabalhador"},"content":{"rendered":"\n<p>Queremos abra\u00e7ar nesse Dia do Trabalhador a todos os irm\u00e3os cordeirenses,\nque com a for\u00e7a do trabalho levam o sustento a suas fam\u00edlias. <\/p>\n\n\n\n<p>Que Deus aben\u00e7oe nossos lares, que mantenha nossas mentes\nsaud\u00e1veis e os nossos bra\u00e7os sempre fortes para o trabalho di\u00e1rio. <\/p>\n\n\n\n<p>A frente do Executivo Municipal n\u00e3o estamos medindo esfor\u00e7os\npara contribuirmos com o engrandecimento de nossa terra t\u00e3o querida. <\/p>\n\n\n\n<p>Queremos nos associar nesse 1\u00ba de maio a cada homem e a cada\nmulher em especial aos nossos servidores municipais que com dedica\u00e7\u00e3o e zelo\nvem nos ajudando a transformar S\u00e3o Jos\u00e9 dos Cordeiros em uma terra mais justa e\nigualit\u00e1ria.<\/p>\n\n\n\n<p>Jefferson Roberto \u2013 prefeito S\u00e3o Jos\u00e9 dos Cordeiros<\/p>\n","protected":false},"excerpt":{"rendered":"<p>Queremos abra\u00e7ar nesse Dia do Trabalhador a todos os irm\u00e3os cordeirenses, que com a for\u00e7a do trabalho levam o sustento a suas fam\u00edlias. Que Deus&hellip; <\/p>\n","protected":false},"author":2,"featured_media":93591,"comment_status":"closed","ping_status":"closed","sticky":false,"template":"","format":"standard","meta":{"sfsi_plus_gutenberg_text_before_share":"","sfsi_plus_gutenberg_show_text_before_share":"","sfsi_plus_gutenberg_icon_type":"","sfsi_plus_gutenberg_icon_alignemt":"","sfsi_plus_gutenburg_max_per_row":"","footnotes":""},"categories":[6,50],"tags":[],"class_list":["post-93584","post","type-post","status-publish","format-standard","has-post-thumbnail","hentry","category-cidades","category-destaque"],"_links":{"self":[{"href":"https:\/\/www.caririemacao.com\/1\/wp-json\/wp\/v2\/posts\/93584","targetHints":{"allow":["GET"]}}],"collection":[{"href":"https:\/\/www.caririemacao.com\/1\/wp-json\/wp\/v2\/posts"}],"about":[{"href":"https:\/\/www.caririemacao.com\/1\/wp-json\/wp\/v2\/types\/post"}],"author":[{"embeddable":true,"href":"https:\/\/www.caririemacao.com\/1\/wp-json\/wp\/v2\/users\/2"}],"replies":[{"embeddable":true,"href":"https:\/\/www.caririemacao.com\/1\/wp-json\/wp\/v2\/comments?post=93584"}],"version-history":[{"count":1,"href":"https:\/\/www.caririemacao.com\/1\/wp-json\/wp\/v2\/posts\/93584\/revisions"}],"predecessor-version":[{"id":93597,"href":"https:\/\/www.caririemacao.com\/1\/wp-json\/wp\/v2\/posts\/93584\/revisions\/93597"}],"wp:featuredmedia":[{"embeddable":true,"href":"https:\/\/www.caririemacao.com\/1\/wp-json\/wp\/v2\/media\/93591"}],"wp:attachment":[{"href":"https:\/\/www.caririemacao.com\/1\/wp-json\/wp\/v2\/media?parent=93584"}],"wp:term":[{"taxonomy":"category","embeddable":true,"href":"https:\/\/www.caririemacao.com\/1\/wp-json\/wp\/v2\/categories?post=93584"},{"taxonomy":"post_tag","embeddable":true,"href":"https:\/\/www.caririemacao.com\/1\/wp-json\/wp\/v2\/tags?post=93584"}],"curies":[{"name":"wp","href":"https:\/\/api.w.org\/{rel}","templated":true}]}}