{"id":93589,"date":"2019-05-01T09:45:31","date_gmt":"2019-05-01T12:45:31","guid":{"rendered":"http:\/\/www.caririemacao.com\/1\/?p=93589"},"modified":"2019-05-01T09:45:31","modified_gmt":"2019-05-01T12:45:31","slug":"governo-confirma-que-25-militares-venezuelanos-pediram-asilo-ao-brasil","status":"publish","type":"post","link":"https:\/\/www.caririemacao.com\/1\/2019\/05\/01\/governo-confirma-que-25-militares-venezuelanos-pediram-asilo-ao-brasil\/","title":{"rendered":"Governo confirma que 25 militares venezuelanos pediram asilo ao Brasil"},"content":{"rendered":"\n<p>O porta-voz da Presid\u00eancia da Rep\u00fablica, Ot\u00e1vio R\u00eago Barros, informou nesta ter\u00e7a-feira (30) que 25 militares venezuelanos de baixa patente pediram asilo na embaixada brasileira em Caracas, na Venezuela. Segundo ele, o presidente Jair Bolsonaro j\u00e1 autorizou a medida. Atualmente, o pa\u00eds acolhe 70 desertores venezuelanos.Ele tamb\u00e9m citou a Medida Provis\u00f3ria 880,&nbsp;<a href=\"http:\/\/www.in.gov.br\/web\/dou\/-\/medida-provis%C3%93ria-n%C2%BA-880-de-30-de-abril-de-2019-86040752\">publicada hoje<\/a>&nbsp;em edi\u00e7\u00e3o extra do&nbsp;<em>Di\u00e1rio Oficial da Uni\u00e3o<\/em>, que abre cr\u00e9dito extraordin\u00e1rio em favor do Minist\u00e9rio da Defesa, no valor de R$ 223,853 milh\u00f5es. A verba se destina \u00e0&nbsp;assist\u00eancia emergencial e ao acolhimento humanit\u00e1rio de venezuelanos no pa\u00eds. O or\u00e7amento \u00e9 destinado \u00e0 manuten\u00e7\u00e3o da Opera\u00e7\u00e3o Acolhida, que atende a venezuelanos na fronteira com o Brasil.Ao descartar&nbsp;uma interven\u00e7\u00e3o brasileira no pa\u00eds vizinho, R\u00eago Barros comentou a dificuldade em obter informa\u00e7\u00f5es sobre a situa\u00e7\u00e3o na Venezuela: \u201cH\u00e1, de fato, uma real dificuldade de identificar qual \u00e9 a real situa\u00e7\u00e3o hoje na Venezuela, que possa ser abertamente colocada em p\u00fablico\u201d. Ele reiterou a nota do governo brasileiro que faz&nbsp;<a href=\"http:\/\/agenciabrasil.ebc.com.br\/internacional\/noticia\/2019-04\/brasil-incentiva-paises-apoiarem-juan-guaido\">um chamado a outros pa\u00edses<\/a>&nbsp;para apoiarem o presidente autoproclamado da Venezuela, Juan Guaid\u00f3.O porta-voz falou ainda sobre a pr\u00f3xima&nbsp;<a href=\"http:\/\/agenciabrasil.ebc.com.br\/internacional\/noticia\/2019-04\/grupo-de-lima-pede-que-militares-venezuelanos-apoiem-guaido\">reuni\u00e3o do Grupo de Lima<\/a>, na sexta-feira (3), na capital peruana, que vai tratar dos desdobramentos da crise venezuelana. O grupo re\u00fane 12 pa\u00edses (Argentina, Brasil, Canad\u00e1, Chile, Col\u00f4mbia, Costa Rica, Guatemala, Honduras, Panam\u00e1, Paraguai, Peru e Venezuela) e&nbsp;reconhece Guaid\u00f3 como l\u00edder do Executivo venezuelano. Ainda n\u00e3o h\u00e1 detalhes sobre a delega\u00e7\u00e3o brasileira que far\u00e1 parte da miss\u00e3o.Ao longo desta ter\u00e7a-feira (30) foram registrados confrontos entre manifestantes e for\u00e7as de seguran\u00e7a nas ruas de Caracas e outras cidades venezuelanas, depois que Guaid\u00f3 divulgou uma mensagem afirmando ter obtido apoio de oficiais das For\u00e7as Armadas para tirar o presidente Nicol\u00e1s Maduro do poder. Guaid\u00f3 batizou a a\u00e7\u00e3o de Opera\u00e7\u00e3o Liberdade, para livrar o pa\u00eds do que classificou como \u201ca usurpa\u00e7\u00e3o\u201d do poder pelo grupo de Maduro.A partir da divulga\u00e7\u00e3o do an\u00fancio de Guaid\u00f3 pelas redes sociais, venezuelanos contr\u00e1rios e favor\u00e1veis a Maduro foram \u00e0s ruas. Segundo R\u00eago Barros, o Pal\u00e1cio do Planalto tem acompanhado com aten\u00e7\u00e3o a situa\u00e7\u00e3o naquele pa\u00eds e Bolsonaro, inclusive, j\u00e1 conversou com Guaid\u00f3.<br>Minist\u00e9rio da Educa\u00e7\u00e3oAinda durante o pronunciamento, R\u00eago Barros leu nota do Minist\u00e9rio da Educa\u00e7\u00e3o sobre o contingenciamento de verbas para universidades federais. Segundo ele, o minist\u00e9rio faz estudos para que nenhum programa seja prejudicado, mas n\u00e3o envia comunicados a respeito do or\u00e7amento a nenhuma institui\u00e7\u00e3o de ensino superior: \u201cCabe destacar que o Minist\u00e9rio [da Educa\u00e7\u00e3o] estuda os bloqueios para que nenhum programa seja prejudicado e que os recursos sejam utilizados de forma mais eficaz. O Programa de Assist\u00eancia Estudantil n\u00e3o sofreu impacto em seu or\u00e7amento.\u201d<\/p>\n","protected":false},"excerpt":{"rendered":"<p>O porta-voz da Presid\u00eancia da Rep\u00fablica, Ot\u00e1vio R\u00eago Barros, informou nesta ter\u00e7a-feira (30) que 25 militares venezuelanos de baixa patente pediram asilo na embaixada brasileira&hellip; <\/p>\n","protected":false},"author":1,"featured_media":93592,"comment_status":"closed","ping_status":"closed","sticky":false,"template":"","format":"standard","meta":{"sfsi_plus_gutenberg_text_before_share":"","sfsi_plus_gutenberg_show_text_before_share":"","sfsi_plus_gutenberg_icon_type":"","sfsi_plus_gutenberg_icon_alignemt":"","sfsi_plus_gutenburg_max_per_row":"","footnotes":""},"categories":[11],"tags":[],"class_list":["post-93589","post","type-post","status-publish","format-standard","has-post-thumbnail","hentry","category-politica"],"_links":{"self":[{"href":"https:\/\/www.caririemacao.com\/1\/wp-json\/wp\/v2\/posts\/93589","targetHints":{"allow":["GET"]}}],"collection":[{"href":"https:\/\/www.caririemacao.com\/1\/wp-json\/wp\/v2\/posts"}],"about":[{"href":"https:\/\/www.caririemacao.com\/1\/wp-json\/wp\/v2\/types\/post"}],"author":[{"embeddable":true,"href":"https:\/\/www.caririemacao.com\/1\/wp-json\/wp\/v2\/users\/1"}],"replies":[{"embeddable":true,"href":"https:\/\/www.caririemacao.com\/1\/wp-json\/wp\/v2\/comments?post=93589"}],"version-history":[{"count":1,"href":"https:\/\/www.caririemacao.com\/1\/wp-json\/wp\/v2\/posts\/93589\/revisions"}],"predecessor-version":[{"id":93593,"href":"https:\/\/www.caririemacao.com\/1\/wp-json\/wp\/v2\/posts\/93589\/revisions\/93593"}],"wp:featuredmedia":[{"embeddable":true,"href":"https:\/\/www.caririemacao.com\/1\/wp-json\/wp\/v2\/media\/93592"}],"wp:attachment":[{"href":"https:\/\/www.caririemacao.com\/1\/wp-json\/wp\/v2\/media?parent=93589"}],"wp:term":[{"taxonomy":"category","embeddable":true,"href":"https:\/\/www.caririemacao.com\/1\/wp-json\/wp\/v2\/categories?post=93589"},{"taxonomy":"post_tag","embeddable":true,"href":"https:\/\/www.caririemacao.com\/1\/wp-json\/wp\/v2\/tags?post=93589"}],"curies":[{"name":"wp","href":"https:\/\/api.w.org\/{rel}","templated":true}]}}