{"id":93594,"date":"2019-05-01T09:49:11","date_gmt":"2019-05-01T12:49:11","guid":{"rendered":"http:\/\/www.caririemacao.com\/1\/?p=93594"},"modified":"2019-05-01T09:49:11","modified_gmt":"2019-05-01T12:49:11","slug":"papa-francisco-diz-que-desemprego-e-tragedia-mundial","status":"publish","type":"post","link":"https:\/\/www.caririemacao.com\/1\/2019\/05\/01\/papa-francisco-diz-que-desemprego-e-tragedia-mundial\/","title":{"rendered":"Papa Francisco diz que desemprego \u00e9 trag\u00e9dia mundial"},"content":{"rendered":"\n<p>O papa Francisco definiu hoje (1\u00ba) o desemprego como uma trag\u00e9dia mundial e pediu a intercess\u00e3o de S\u00e3o Jos\u00e9 por aqueles que perderam o emprego ou n\u00e3o conseguem encontr\u00e1-lo.<\/p>\n\n\n\n<p>Ao final da Audi\u00eancia Geral na Pra\u00e7a S\u00e3o Pedro, diante de milhares de fi\u00e9is, o pont\u00edfice fez votos de que a figura de S\u00e3o Jos\u00e9, \u201co humilde trabalhador de Nazar\u00e9, nos oriente em dire\u00e7\u00e3o a Cristo, sustente o sacrif\u00edcio daqueles que praticam o bem neste mundo e interceda por aqueles que perderam o pr\u00f3prio emprego ou n\u00e3o conseguem encontr\u00e1-lo, uma trag\u00e9dia mundial nesses tempos\u201d.<\/p>\n","protected":false},"excerpt":{"rendered":"<p>O papa Francisco definiu hoje (1\u00ba) o desemprego como uma trag\u00e9dia mundial e pediu a intercess\u00e3o de S\u00e3o Jos\u00e9 por aqueles que perderam o emprego&hellip; <\/p>\n","protected":false},"author":1,"featured_media":93595,"comment_status":"closed","ping_status":"closed","sticky":false,"template":"","format":"standard","meta":{"sfsi_plus_gutenberg_text_before_share":"","sfsi_plus_gutenberg_show_text_before_share":"","sfsi_plus_gutenberg_icon_type":"","sfsi_plus_gutenberg_icon_alignemt":"","sfsi_plus_gutenburg_max_per_row":"","footnotes":""},"categories":[2],"tags":[],"class_list":["post-93594","post","type-post","status-publish","format-standard","has-post-thumbnail","hentry","category-geral"],"_links":{"self":[{"href":"https:\/\/www.caririemacao.com\/1\/wp-json\/wp\/v2\/posts\/93594","targetHints":{"allow":["GET"]}}],"collection":[{"href":"https:\/\/www.caririemacao.com\/1\/wp-json\/wp\/v2\/posts"}],"about":[{"href":"https:\/\/www.caririemacao.com\/1\/wp-json\/wp\/v2\/types\/post"}],"author":[{"embeddable":true,"href":"https:\/\/www.caririemacao.com\/1\/wp-json\/wp\/v2\/users\/1"}],"replies":[{"embeddable":true,"href":"https:\/\/www.caririemacao.com\/1\/wp-json\/wp\/v2\/comments?post=93594"}],"version-history":[{"count":1,"href":"https:\/\/www.caririemacao.com\/1\/wp-json\/wp\/v2\/posts\/93594\/revisions"}],"predecessor-version":[{"id":93596,"href":"https:\/\/www.caririemacao.com\/1\/wp-json\/wp\/v2\/posts\/93594\/revisions\/93596"}],"wp:featuredmedia":[{"embeddable":true,"href":"https:\/\/www.caririemacao.com\/1\/wp-json\/wp\/v2\/media\/93595"}],"wp:attachment":[{"href":"https:\/\/www.caririemacao.com\/1\/wp-json\/wp\/v2\/media?parent=93594"}],"wp:term":[{"taxonomy":"category","embeddable":true,"href":"https:\/\/www.caririemacao.com\/1\/wp-json\/wp\/v2\/categories?post=93594"},{"taxonomy":"post_tag","embeddable":true,"href":"https:\/\/www.caririemacao.com\/1\/wp-json\/wp\/v2\/tags?post=93594"}],"curies":[{"name":"wp","href":"https:\/\/api.w.org\/{rel}","templated":true}]}}