{"id":93598,"date":"2019-05-01T09:52:30","date_gmt":"2019-05-01T12:52:30","guid":{"rendered":"http:\/\/www.caririemacao.com\/1\/?p=93598"},"modified":"2019-05-01T09:52:30","modified_gmt":"2019-05-01T12:52:30","slug":"dia-do-trabalhador-mensagem-do-prefeito-de-sume-eden-sume","status":"publish","type":"post","link":"https:\/\/www.caririemacao.com\/1\/2019\/05\/01\/dia-do-trabalhador-mensagem-do-prefeito-de-sume-eden-sume\/","title":{"rendered":"Dia do Trabalhador: mensagem do prefeito de Sum\u00e9, \u00c9den Sum\u00e9"},"content":{"rendered":"\n<p>O Prefeito de Sum\u00e9, \u00c9den Duarte (PSB), deseja um dia aben\u00e7oado\na todos os trabalhadores.<\/p>\n\n\n\n<p>\u201cO trabalho \u00e9 a base da vida humana e uma das suas maiores\nconquista, pois \u00e9 atrav\u00e9s dele que n\u00f3s realizamos enquanto pessoas, atuando\nnuma postura cidad\u00e3 diante da vida, como colaboradores universais de um bem\nmaior: Produzir com consci\u00eancia e responsabilidade, visando ao bem comum, sendo\nesse fazer imprescind\u00edvel ao processo de crescimento de todo e qualquer\u201d.<\/p>\n\n\n\n<p>A Administra\u00e7\u00e3o Municipal de Sum\u00e9 transmite os mais sinceros\ncumprimentos a todos os trabalhadores pela passagem do Dia do Trabalhador.<\/p>\n\n\n\n<p>Parab\u00e9ns\u2026Trabalhador!<\/p>\n\n\n\n<p>Prefeito \u00c9den Duarte<\/p>\n","protected":false},"excerpt":{"rendered":"<p>O Prefeito de Sum\u00e9, \u00c9den Duarte (PSB), deseja um dia aben\u00e7oado a todos os trabalhadores. \u201cO trabalho \u00e9 a base da vida humana e uma&hellip; <\/p>\n","protected":false},"author":2,"featured_media":93600,"comment_status":"closed","ping_status":"closed","sticky":false,"template":"","format":"standard","meta":{"sfsi_plus_gutenberg_text_before_share":"","sfsi_plus_gutenberg_show_text_before_share":"","sfsi_plus_gutenberg_icon_type":"","sfsi_plus_gutenberg_icon_alignemt":"","sfsi_plus_gutenburg_max_per_row":"","footnotes":""},"categories":[50,2],"tags":[],"class_list":["post-93598","post","type-post","status-publish","format-standard","has-post-thumbnail","hentry","category-destaque","category-geral"],"_links":{"self":[{"href":"https:\/\/www.caririemacao.com\/1\/wp-json\/wp\/v2\/posts\/93598","targetHints":{"allow":["GET"]}}],"collection":[{"href":"https:\/\/www.caririemacao.com\/1\/wp-json\/wp\/v2\/posts"}],"about":[{"href":"https:\/\/www.caririemacao.com\/1\/wp-json\/wp\/v2\/types\/post"}],"author":[{"embeddable":true,"href":"https:\/\/www.caririemacao.com\/1\/wp-json\/wp\/v2\/users\/2"}],"replies":[{"embeddable":true,"href":"https:\/\/www.caririemacao.com\/1\/wp-json\/wp\/v2\/comments?post=93598"}],"version-history":[{"count":1,"href":"https:\/\/www.caririemacao.com\/1\/wp-json\/wp\/v2\/posts\/93598\/revisions"}],"predecessor-version":[{"id":93601,"href":"https:\/\/www.caririemacao.com\/1\/wp-json\/wp\/v2\/posts\/93598\/revisions\/93601"}],"wp:featuredmedia":[{"embeddable":true,"href":"https:\/\/www.caririemacao.com\/1\/wp-json\/wp\/v2\/media\/93600"}],"wp:attachment":[{"href":"https:\/\/www.caririemacao.com\/1\/wp-json\/wp\/v2\/media?parent=93598"}],"wp:term":[{"taxonomy":"category","embeddable":true,"href":"https:\/\/www.caririemacao.com\/1\/wp-json\/wp\/v2\/categories?post=93598"},{"taxonomy":"post_tag","embeddable":true,"href":"https:\/\/www.caririemacao.com\/1\/wp-json\/wp\/v2\/tags?post=93598"}],"curies":[{"name":"wp","href":"https:\/\/api.w.org\/{rel}","templated":true}]}}