{"id":93611,"date":"2019-05-01T11:15:41","date_gmt":"2019-05-01T14:15:41","guid":{"rendered":"http:\/\/www.caririemacao.com\/1\/?p=93611"},"modified":"2019-05-01T11:15:41","modified_gmt":"2019-05-01T14:15:41","slug":"bolsonaro-comanda-reuniao-com-ministros-para-discutir-sobre-a-venezuela","status":"publish","type":"post","link":"https:\/\/www.caririemacao.com\/1\/2019\/05\/01\/bolsonaro-comanda-reuniao-com-ministros-para-discutir-sobre-a-venezuela\/","title":{"rendered":"Bolsonaro comanda reuni\u00e3o com ministros para discutir sobre a Venezuela"},"content":{"rendered":"\n<p>Em pleno feriado do Dia do Trabalhador, o presidente Jair Bolsonaro reuniu na manh\u00e3 desta quarta-feira (1\u00ba) ministros e comandantes das For\u00e7as Armadas na sede do Minist\u00e9rio da Defesa para discutir o acirramento da crise na Venezuela.<\/p>\n\n\n\n<p>A assessoria da Defesa informou que foram convocados para a reuni\u00e3o fora da agenda oficial os ministros Fernando Azevedo e Silva (Defesa), Augusto Heleno (Gabinete de Seguran\u00e7a Institucional) e Ernesto Ara\u00fajo (Rela\u00e7\u00f5es Exteriores).<\/p>\n\n\n\n<p>Em vez de os ministros irem ao encontro do presidente, como \u00e9 de praxe, Bolsonaro decidiu ir \u00e0 sede do Minist\u00e9rio da Defesa. O comboio presidencial deixou o Pal\u00e1cio da Alvorada em dire\u00e7\u00e3o \u00e0 Esplanada dos Minist\u00e9rios por volta das 9h.<\/p>\n","protected":false},"excerpt":{"rendered":"<p>Em pleno feriado do Dia do Trabalhador, o presidente Jair Bolsonaro reuniu na manh\u00e3 desta quarta-feira (1\u00ba) ministros e comandantes das For\u00e7as Armadas na sede&hellip; <\/p>\n","protected":false},"author":1,"featured_media":93612,"comment_status":"closed","ping_status":"closed","sticky":false,"template":"","format":"standard","meta":{"sfsi_plus_gutenberg_text_before_share":"","sfsi_plus_gutenberg_show_text_before_share":"","sfsi_plus_gutenberg_icon_type":"","sfsi_plus_gutenberg_icon_alignemt":"","sfsi_plus_gutenburg_max_per_row":"","footnotes":""},"categories":[11],"tags":[],"class_list":["post-93611","post","type-post","status-publish","format-standard","has-post-thumbnail","hentry","category-politica"],"_links":{"self":[{"href":"https:\/\/www.caririemacao.com\/1\/wp-json\/wp\/v2\/posts\/93611","targetHints":{"allow":["GET"]}}],"collection":[{"href":"https:\/\/www.caririemacao.com\/1\/wp-json\/wp\/v2\/posts"}],"about":[{"href":"https:\/\/www.caririemacao.com\/1\/wp-json\/wp\/v2\/types\/post"}],"author":[{"embeddable":true,"href":"https:\/\/www.caririemacao.com\/1\/wp-json\/wp\/v2\/users\/1"}],"replies":[{"embeddable":true,"href":"https:\/\/www.caririemacao.com\/1\/wp-json\/wp\/v2\/comments?post=93611"}],"version-history":[{"count":1,"href":"https:\/\/www.caririemacao.com\/1\/wp-json\/wp\/v2\/posts\/93611\/revisions"}],"predecessor-version":[{"id":93613,"href":"https:\/\/www.caririemacao.com\/1\/wp-json\/wp\/v2\/posts\/93611\/revisions\/93613"}],"wp:featuredmedia":[{"embeddable":true,"href":"https:\/\/www.caririemacao.com\/1\/wp-json\/wp\/v2\/media\/93612"}],"wp:attachment":[{"href":"https:\/\/www.caririemacao.com\/1\/wp-json\/wp\/v2\/media?parent=93611"}],"wp:term":[{"taxonomy":"category","embeddable":true,"href":"https:\/\/www.caririemacao.com\/1\/wp-json\/wp\/v2\/categories?post=93611"},{"taxonomy":"post_tag","embeddable":true,"href":"https:\/\/www.caririemacao.com\/1\/wp-json\/wp\/v2\/tags?post=93611"}],"curies":[{"name":"wp","href":"https:\/\/api.w.org\/{rel}","templated":true}]}}