{"id":93615,"date":"2019-05-01T12:31:45","date_gmt":"2019-05-01T15:31:45","guid":{"rendered":"http:\/\/www.caririemacao.com\/1\/?p=93615"},"modified":"2019-05-01T12:31:45","modified_gmt":"2019-05-01T15:31:45","slug":"ha-7-meses-sem-funcionamento-do-banco-do-brasil-economia-de-serra-branca-encolhe-e-comerciantes-querem-solucao","status":"publish","type":"post","link":"https:\/\/www.caririemacao.com\/1\/2019\/05\/01\/ha-7-meses-sem-funcionamento-do-banco-do-brasil-economia-de-serra-branca-encolhe-e-comerciantes-querem-solucao\/","title":{"rendered":"H\u00e1 7 meses sem funcionamento do Banco do Brasil, economia de Serra Branca encolhe e comerciantes querem solu\u00e7\u00e3o"},"content":{"rendered":"\n<p>Neste dia 01 de maio completa exatamente 7 meses que o Banco do Brasil de Serra Branca foi alvo de explos\u00e3o junto a ag\u00eancia dos Correios, mas seu funcionamento retornou apenas parcialmente. A ag\u00eancia funciona sem movimenta\u00e7\u00e3o financeira, o que tem feito a economia de Serra Branca ficar sufocada e a popula\u00e7\u00e3o prejudicada.<\/p>\n\n\n\n<p>Preocupados com essa situa\u00e7\u00e3o, comerciantes de Serra Branca se reuniram nesta ter\u00e7a-feira (30) para discutir formas de pressionar pela reabertura integral do Banco do Brasil e come\u00e7aram a analisar at\u00e9 a possibilidade de buscar uma nova institui\u00e7\u00e3o financeira para a cidade.<\/p>\n\n\n\n<p>Segundo os empres\u00e1rios participantes, a popula\u00e7\u00e3o, que em sua esmagadora maioria, \u00e9 cliente do Banco do Brasil j\u00e1 n\u00e3o aguenta mais passar pelo constrangimento de n\u00e3o ter como movimentar seus recursos e apesar e entender a situa\u00e7\u00e3o de inseguran\u00e7a da qual s\u00e3o v\u00edtimas as unidades banc\u00e1rias, \u00e9 igualmente sabido que esta \u00e9 uma realidade de todas as cidades brasileiras, especialmente do Nordeste, e n\u00e3o apenas um problema de Serra Branca, o que n\u00e3o justifica a manuten\u00e7\u00e3o do banco sem seu funcionamento integral na cidade.<\/p>\n\n\n\n<p>Os comerciantes ainda destacaram que a ag\u00eancia de Serra Branca \u00e9 estrat\u00e9gica n\u00e3o s\u00f3 para a popula\u00e7\u00e3o local, mas de pelo menos outros 7 munic\u00edpios, o que exige um esfor\u00e7o por parte do Banco do Brasil. Eles ainda querem mais envolvimento da classe pol\u00edtica local na resolu\u00e7\u00e3o do problema, que est\u00e1 prejudicando diretamente a economia do munic\u00edpio.<\/p>\n\n\n\n<p>Na reuni\u00e3o realizada nesta ter\u00e7a-feira (30), os participantes, que eram comerciantes e l\u00edderes pol\u00edticos de Serra Branca, definiram um novo encontro para daqui a 15 dias afim de que novos e decisivos passos sejam dados na dire\u00e7\u00e3o de resolver de vez esse problema.<\/p>\n\n\n\n<p><strong>De Olho no Cariri<\/strong><\/p>\n","protected":false},"excerpt":{"rendered":"<p>Neste dia 01 de maio completa exatamente 7 meses que o Banco do Brasil de Serra Branca foi alvo de explos\u00e3o junto a ag\u00eancia dos&hellip; <\/p>\n","protected":false},"author":1,"featured_media":93616,"comment_status":"closed","ping_status":"closed","sticky":false,"template":"","format":"standard","meta":{"sfsi_plus_gutenberg_text_before_share":"","sfsi_plus_gutenberg_show_text_before_share":"","sfsi_plus_gutenberg_icon_type":"","sfsi_plus_gutenberg_icon_alignemt":"","sfsi_plus_gutenburg_max_per_row":"","footnotes":""},"categories":[6],"tags":[],"class_list":["post-93615","post","type-post","status-publish","format-standard","has-post-thumbnail","hentry","category-cidades"],"_links":{"self":[{"href":"https:\/\/www.caririemacao.com\/1\/wp-json\/wp\/v2\/posts\/93615","targetHints":{"allow":["GET"]}}],"collection":[{"href":"https:\/\/www.caririemacao.com\/1\/wp-json\/wp\/v2\/posts"}],"about":[{"href":"https:\/\/www.caririemacao.com\/1\/wp-json\/wp\/v2\/types\/post"}],"author":[{"embeddable":true,"href":"https:\/\/www.caririemacao.com\/1\/wp-json\/wp\/v2\/users\/1"}],"replies":[{"embeddable":true,"href":"https:\/\/www.caririemacao.com\/1\/wp-json\/wp\/v2\/comments?post=93615"}],"version-history":[{"count":1,"href":"https:\/\/www.caririemacao.com\/1\/wp-json\/wp\/v2\/posts\/93615\/revisions"}],"predecessor-version":[{"id":93617,"href":"https:\/\/www.caririemacao.com\/1\/wp-json\/wp\/v2\/posts\/93615\/revisions\/93617"}],"wp:featuredmedia":[{"embeddable":true,"href":"https:\/\/www.caririemacao.com\/1\/wp-json\/wp\/v2\/media\/93616"}],"wp:attachment":[{"href":"https:\/\/www.caririemacao.com\/1\/wp-json\/wp\/v2\/media?parent=93615"}],"wp:term":[{"taxonomy":"category","embeddable":true,"href":"https:\/\/www.caririemacao.com\/1\/wp-json\/wp\/v2\/categories?post=93615"},{"taxonomy":"post_tag","embeddable":true,"href":"https:\/\/www.caririemacao.com\/1\/wp-json\/wp\/v2\/tags?post=93615"}],"curies":[{"name":"wp","href":"https:\/\/api.w.org\/{rel}","templated":true}]}}