{"id":93623,"date":"2019-05-01T12:33:57","date_gmt":"2019-05-01T15:33:57","guid":{"rendered":"http:\/\/www.caririemacao.com\/1\/?p=93623"},"modified":"2019-05-01T12:33:57","modified_gmt":"2019-05-01T15:33:57","slug":"sao-jose-dos-cordeiros-realiza-plenaria-do-od-e-elege-prioridades-para-apresentar-ao-governador-joao-azevedo","status":"publish","type":"post","link":"https:\/\/www.caririemacao.com\/1\/2019\/05\/01\/sao-jose-dos-cordeiros-realiza-plenaria-do-od-e-elege-prioridades-para-apresentar-ao-governador-joao-azevedo\/","title":{"rendered":"S\u00e3o Jos\u00e9 dos Cordeiros realiza plen\u00e1ria do OD e elege prioridades para apresentar ao governador Jo\u00e3o Azevedo"},"content":{"rendered":"\n<p>A popula\u00e7\u00e3o e l\u00edderes comunit\u00e1rios atenderam ao chamado da Prefeitura de S\u00e3o Jos\u00e9 dos Cordeiros e participaram nesta ter\u00e7a-feira (30) de plen\u00e1ria preparat\u00f3ria do Or\u00e7amento Democr\u00e1tico Estadual no munic\u00edpio.<\/p>\n\n\n\n<p>O encontro foi comandado pelo prefeito Jefferson Roberto e equipe do OD de S\u00e3o Jos\u00e9 dos Cordeiros. Vereadores e o ex-prefeito Fernando Queiroz tamb\u00e9m compareceram ao encontro, que discutiu as principais necessidades de S\u00e3o Jos\u00e9 dos Cordeiros e as propostas vi\u00e1veis para apresentar ao Governo do Estado atrav\u00e9s do Or\u00e7amento Democr\u00e1tico Estadual.<\/p>\n\n\n\n<p>As prioridades eleitas pela popula\u00e7\u00e3o foram a constru\u00e7\u00e3o de uma nova escola estadual, uma vez que a atual est\u00e1 h\u00e1 mais de 40 anos sem reforma e tem sua estrutura comprometida; a constru\u00e7\u00e3o de um matadouro p\u00fablico, que \u00e9 outra demanda dos comerciantes e da popula\u00e7\u00e3o, e constru\u00e7\u00e3o de mais unidades habitacionais.<\/p>\n\n\n\n<p>Para o prefeito Jefferson Roberto, a reuni\u00e3o preparat\u00f3ria foi muito produtiva e a inten\u00e7\u00e3o \u00e9 levar o m\u00e1ximo de cordeirenses para a reuni\u00e3o do Or\u00e7amento Democr\u00e1tico Estadual em Sum\u00e9 a fim de fortalecer os pleitos escolhidos. \u201cSabemos que o OD \u00e9 a pol\u00edtica mais efetiva da gest\u00e3o do PSB no Estado e entendendo sua proposta mobilizadora, estamos nos organizando para fortalecer nossa participa\u00e7\u00e3o, afim de atrairmos novos investimentos estaduais para S\u00e3o Jos\u00e9 dos Cordeiros\u201d, explicou.<\/p>\n\n\n\n<p><strong>De Olho no Cariri<\/strong><\/p>\n","protected":false},"excerpt":{"rendered":"<p>A popula\u00e7\u00e3o e l\u00edderes comunit\u00e1rios atenderam ao chamado da Prefeitura de S\u00e3o Jos\u00e9 dos Cordeiros e participaram nesta ter\u00e7a-feira (30) de plen\u00e1ria preparat\u00f3ria do Or\u00e7amento&hellip; <\/p>\n","protected":false},"author":1,"featured_media":93624,"comment_status":"closed","ping_status":"closed","sticky":false,"template":"","format":"standard","meta":{"sfsi_plus_gutenberg_text_before_share":"","sfsi_plus_gutenberg_show_text_before_share":"","sfsi_plus_gutenberg_icon_type":"","sfsi_plus_gutenberg_icon_alignemt":"","sfsi_plus_gutenburg_max_per_row":"","footnotes":""},"categories":[2],"tags":[],"class_list":["post-93623","post","type-post","status-publish","format-standard","has-post-thumbnail","hentry","category-geral"],"_links":{"self":[{"href":"https:\/\/www.caririemacao.com\/1\/wp-json\/wp\/v2\/posts\/93623","targetHints":{"allow":["GET"]}}],"collection":[{"href":"https:\/\/www.caririemacao.com\/1\/wp-json\/wp\/v2\/posts"}],"about":[{"href":"https:\/\/www.caririemacao.com\/1\/wp-json\/wp\/v2\/types\/post"}],"author":[{"embeddable":true,"href":"https:\/\/www.caririemacao.com\/1\/wp-json\/wp\/v2\/users\/1"}],"replies":[{"embeddable":true,"href":"https:\/\/www.caririemacao.com\/1\/wp-json\/wp\/v2\/comments?post=93623"}],"version-history":[{"count":1,"href":"https:\/\/www.caririemacao.com\/1\/wp-json\/wp\/v2\/posts\/93623\/revisions"}],"predecessor-version":[{"id":93625,"href":"https:\/\/www.caririemacao.com\/1\/wp-json\/wp\/v2\/posts\/93623\/revisions\/93625"}],"wp:featuredmedia":[{"embeddable":true,"href":"https:\/\/www.caririemacao.com\/1\/wp-json\/wp\/v2\/media\/93624"}],"wp:attachment":[{"href":"https:\/\/www.caririemacao.com\/1\/wp-json\/wp\/v2\/media?parent=93623"}],"wp:term":[{"taxonomy":"category","embeddable":true,"href":"https:\/\/www.caririemacao.com\/1\/wp-json\/wp\/v2\/categories?post=93623"},{"taxonomy":"post_tag","embeddable":true,"href":"https:\/\/www.caririemacao.com\/1\/wp-json\/wp\/v2\/tags?post=93623"}],"curies":[{"name":"wp","href":"https:\/\/api.w.org\/{rel}","templated":true}]}}