{"id":93628,"date":"2019-05-01T12:36:30","date_gmt":"2019-05-01T15:36:30","guid":{"rendered":"http:\/\/www.caririemacao.com\/1\/?p=93628"},"modified":"2019-05-01T12:36:30","modified_gmt":"2019-05-01T15:36:30","slug":"prefeitura-do-congo-lanca-edital-de-processo-seletivo-simplificado-para-contratacao-temporaria","status":"publish","type":"post","link":"https:\/\/www.caririemacao.com\/1\/2019\/05\/01\/prefeitura-do-congo-lanca-edital-de-processo-seletivo-simplificado-para-contratacao-temporaria\/","title":{"rendered":"Prefeitura do Congo lan\u00e7a edital de processo seletivo simplificado para contrata\u00e7\u00e3o tempor\u00e1ria"},"content":{"rendered":"\n<p>A Prefeitura Municipal de Congo lan\u00e7ou na tarde desta ter\u00e7a-feira (30) o Edital N\u00ba 002\/2019 que abre inscri\u00e7\u00f5es para Processo Seletivo Simplificado para contrata\u00e7\u00e3o tempor\u00e1ria de pessoal para atender \u00e0s necessidades de excepcional interesse p\u00fablico do munic\u00edpio, para execu\u00e7\u00e3o atividades em servi\u00e7os, programas e projetos.<\/p>\n\n\n\n<p>As inscri\u00e7\u00f5es acontecer\u00e3o na sede da Prefeitura, das 08h00 \u00e0s 13h00 dos dias 02 e 03 de maio de 2019, conforme explicita o Edital, e h\u00e1 vagas para: 01 M\u00e9dico Psiquiatra, 01 Assistente Social, 01 T\u00e9cnico Educacional, 01 Artes\u00e3, 01 Enfermeiro, 01 Psic\u00f3logo, 01 Terapeuta Ocupacional, 01 T\u00e9cnico de Enfermagem, 01 T\u00e9cnico Administrativo, 01 Educador F\u00edsico, 02 Visitadores.<\/p>\n\n\n\n<p>O processo ser\u00e1 executado pela Comiss\u00e3o Especial Organizadora e Julgadora. As vagas a serem preenchidas n\u00e3o s\u00e3o do quadro pr\u00f3prio da Prefeitura, portanto, os eventuais contratados n\u00e3o possuir\u00e3o nenhum v\u00ednculo jur\u00eddico-estatut\u00e1rio com o munic\u00edpio, como disp\u00f5e o Edital do certame.<\/p>\n\n\n\n<p>A contrata\u00e7\u00e3o ser\u00e1 por tempo determinado para presta\u00e7\u00e3o de servi\u00e7os, mediante Contrato Administrativo, e o prazo de vig\u00eancia ser\u00e1 de at\u00e9 01 (um) ano, podendo ser prorrogado a crit\u00e9rio do Contratante.<\/p>\n\n\n\n<p>Informa\u00e7\u00f5es detalhadas do processo voc\u00ea encontra no Edital dispon\u00edvel no site da Prefeitura Municipal de Congo.<\/p>\n\n\n\n<p>Edital:&nbsp;<a href=\"https:\/\/www.congo.pb.gov.br\/storage\/content\/publicacoes\/concursos-e-processos-seletivos\/847\/arquivos\/file_2019043015413rYE.pdf\">Clique aqui!<\/a><\/p>\n\n\n\n<p><em>Com Ascom PMC<\/em><\/p>\n","protected":false},"excerpt":{"rendered":"<p>A Prefeitura Municipal de Congo lan\u00e7ou na tarde desta ter\u00e7a-feira (30) o Edital N\u00ba 002\/2019 que abre inscri\u00e7\u00f5es para Processo Seletivo Simplificado para contrata\u00e7\u00e3o tempor\u00e1ria&hellip; <\/p>\n","protected":false},"author":1,"featured_media":93629,"comment_status":"closed","ping_status":"closed","sticky":false,"template":"","format":"standard","meta":{"sfsi_plus_gutenberg_text_before_share":"","sfsi_plus_gutenberg_show_text_before_share":"","sfsi_plus_gutenberg_icon_type":"","sfsi_plus_gutenberg_icon_alignemt":"","sfsi_plus_gutenburg_max_per_row":"","footnotes":""},"categories":[2],"tags":[],"class_list":["post-93628","post","type-post","status-publish","format-standard","has-post-thumbnail","hentry","category-geral"],"_links":{"self":[{"href":"https:\/\/www.caririemacao.com\/1\/wp-json\/wp\/v2\/posts\/93628","targetHints":{"allow":["GET"]}}],"collection":[{"href":"https:\/\/www.caririemacao.com\/1\/wp-json\/wp\/v2\/posts"}],"about":[{"href":"https:\/\/www.caririemacao.com\/1\/wp-json\/wp\/v2\/types\/post"}],"author":[{"embeddable":true,"href":"https:\/\/www.caririemacao.com\/1\/wp-json\/wp\/v2\/users\/1"}],"replies":[{"embeddable":true,"href":"https:\/\/www.caririemacao.com\/1\/wp-json\/wp\/v2\/comments?post=93628"}],"version-history":[{"count":1,"href":"https:\/\/www.caririemacao.com\/1\/wp-json\/wp\/v2\/posts\/93628\/revisions"}],"predecessor-version":[{"id":93630,"href":"https:\/\/www.caririemacao.com\/1\/wp-json\/wp\/v2\/posts\/93628\/revisions\/93630"}],"wp:featuredmedia":[{"embeddable":true,"href":"https:\/\/www.caririemacao.com\/1\/wp-json\/wp\/v2\/media\/93629"}],"wp:attachment":[{"href":"https:\/\/www.caririemacao.com\/1\/wp-json\/wp\/v2\/media?parent=93628"}],"wp:term":[{"taxonomy":"category","embeddable":true,"href":"https:\/\/www.caririemacao.com\/1\/wp-json\/wp\/v2\/categories?post=93628"},{"taxonomy":"post_tag","embeddable":true,"href":"https:\/\/www.caririemacao.com\/1\/wp-json\/wp\/v2\/tags?post=93628"}],"curies":[{"name":"wp","href":"https:\/\/api.w.org\/{rel}","templated":true}]}}