{"id":93633,"date":"2019-05-01T12:38:48","date_gmt":"2019-05-01T15:38:48","guid":{"rendered":"http:\/\/www.caririemacao.com\/1\/?p=93633"},"modified":"2019-05-01T12:38:48","modified_gmt":"2019-05-01T15:38:48","slug":"acao-da-policia-militar-apreende-menor-suspeito-de-assaltar-farmacia-em-monteiro","status":"publish","type":"post","link":"https:\/\/www.caririemacao.com\/1\/2019\/05\/01\/acao-da-policia-militar-apreende-menor-suspeito-de-assaltar-farmacia-em-monteiro\/","title":{"rendered":"A\u00e7\u00e3o da Pol\u00edcia Militar apreende menor suspeito de assaltar farm\u00e1cia em Monteiro"},"content":{"rendered":"\n<p>A Pol\u00edcia Militar prendeu, no fim da noite dessa ter\u00e7a-feira (30), o suspeito de invadir e realizar o assaltou a uma farm\u00e1cia, no bairro do Alto de S\u00e3o Vicente em Monteiro no Cariri.<\/p>\n\n\n\n<p>Diante dos fatos, o menor foi encaminhado para Delegacia de Pol\u00edcia para sejam tomadas as medidas cab\u00edveis.<\/p>\n\n\n\n<p>Com O Popoco<\/p>\n","protected":false},"excerpt":{"rendered":"<p>A Pol\u00edcia Militar prendeu, no fim da noite dessa ter\u00e7a-feira (30), o suspeito de invadir e realizar o assaltou a uma farm\u00e1cia, no bairro do&hellip; <\/p>\n","protected":false},"author":1,"featured_media":88728,"comment_status":"closed","ping_status":"closed","sticky":false,"template":"","format":"standard","meta":{"sfsi_plus_gutenberg_text_before_share":"","sfsi_plus_gutenberg_show_text_before_share":"","sfsi_plus_gutenberg_icon_type":"","sfsi_plus_gutenberg_icon_alignemt":"","sfsi_plus_gutenburg_max_per_row":"","footnotes":""},"categories":[12],"tags":[],"class_list":["post-93633","post","type-post","status-publish","format-standard","has-post-thumbnail","hentry","category-policia"],"_links":{"self":[{"href":"https:\/\/www.caririemacao.com\/1\/wp-json\/wp\/v2\/posts\/93633","targetHints":{"allow":["GET"]}}],"collection":[{"href":"https:\/\/www.caririemacao.com\/1\/wp-json\/wp\/v2\/posts"}],"about":[{"href":"https:\/\/www.caririemacao.com\/1\/wp-json\/wp\/v2\/types\/post"}],"author":[{"embeddable":true,"href":"https:\/\/www.caririemacao.com\/1\/wp-json\/wp\/v2\/users\/1"}],"replies":[{"embeddable":true,"href":"https:\/\/www.caririemacao.com\/1\/wp-json\/wp\/v2\/comments?post=93633"}],"version-history":[{"count":1,"href":"https:\/\/www.caririemacao.com\/1\/wp-json\/wp\/v2\/posts\/93633\/revisions"}],"predecessor-version":[{"id":93634,"href":"https:\/\/www.caririemacao.com\/1\/wp-json\/wp\/v2\/posts\/93633\/revisions\/93634"}],"wp:featuredmedia":[{"embeddable":true,"href":"https:\/\/www.caririemacao.com\/1\/wp-json\/wp\/v2\/media\/88728"}],"wp:attachment":[{"href":"https:\/\/www.caririemacao.com\/1\/wp-json\/wp\/v2\/media?parent=93633"}],"wp:term":[{"taxonomy":"category","embeddable":true,"href":"https:\/\/www.caririemacao.com\/1\/wp-json\/wp\/v2\/categories?post=93633"},{"taxonomy":"post_tag","embeddable":true,"href":"https:\/\/www.caririemacao.com\/1\/wp-json\/wp\/v2\/tags?post=93633"}],"curies":[{"name":"wp","href":"https:\/\/api.w.org\/{rel}","templated":true}]}}