{"id":93636,"date":"2019-05-01T13:24:26","date_gmt":"2019-05-01T16:24:26","guid":{"rendered":"http:\/\/www.caririemacao.com\/1\/?p=93636"},"modified":"2019-05-01T13:24:26","modified_gmt":"2019-05-01T16:24:26","slug":"prefeitura-de-caraubas-divulga-programacao-dos-22-anos","status":"publish","type":"post","link":"https:\/\/www.caririemacao.com\/1\/2019\/05\/01\/prefeitura-de-caraubas-divulga-programacao-dos-22-anos\/","title":{"rendered":"Prefeitura de Cara\u00fabas divulga programa\u00e7\u00e3o dos 22 anos"},"content":{"rendered":"\n<p>A Prefeitura de Cara\u00fabas divulgou a programa\u00e7\u00e3o oficial das comemora\u00e7\u00f5es dos 22 anos de Emancipa\u00e7\u00e3o Pol\u00edtica do Munic\u00edpio.<br> A programa\u00e7\u00e3o tem in\u00edcio nesta quarta-feira, dia 01, com torneio de futebol e se estende at\u00e9 o domingo, dia 05, data em que a cidade est\u00e1 completando mais um ano.<\/p>\n\n\n\n<p>Confira a programa\u00e7\u00e3o:<\/p>\n\n\n\n<figure class=\"wp-block-image\"><img fetchpriority=\"high\" decoding=\"async\" width=\"1024\" height=\"575\" src=\"http:\/\/www.caririemacao.com\/1\/wp-content\/uploads\/2019\/05\/IMG-20190501-WA0055-1024x575.jpg\" alt=\"\" class=\"wp-image-93638\" srcset=\"https:\/\/www.caririemacao.com\/1\/wp-content\/uploads\/2019\/05\/IMG-20190501-WA0055-1024x575.jpg 1024w, https:\/\/www.caririemacao.com\/1\/wp-content\/uploads\/2019\/05\/IMG-20190501-WA0055-300x169.jpg 300w, https:\/\/www.caririemacao.com\/1\/wp-content\/uploads\/2019\/05\/IMG-20190501-WA0055-768x431.jpg 768w, https:\/\/www.caririemacao.com\/1\/wp-content\/uploads\/2019\/05\/IMG-20190501-WA0055.jpg 1280w\" sizes=\"(max-width: 1024px) 100vw, 1024px\" \/><\/figure>\n","protected":false},"excerpt":{"rendered":"<p>A Prefeitura de Cara\u00fabas divulgou a programa\u00e7\u00e3o oficial das comemora\u00e7\u00f5es dos 22 anos de Emancipa\u00e7\u00e3o Pol\u00edtica do Munic\u00edpio. A programa\u00e7\u00e3o tem in\u00edcio nesta quarta-feira, dia&hellip; <\/p>\n","protected":false},"author":2,"featured_media":14127,"comment_status":"closed","ping_status":"closed","sticky":false,"template":"","format":"standard","meta":{"sfsi_plus_gutenberg_text_before_share":"","sfsi_plus_gutenberg_show_text_before_share":"","sfsi_plus_gutenberg_icon_type":"","sfsi_plus_gutenberg_icon_alignemt":"","sfsi_plus_gutenburg_max_per_row":"","footnotes":""},"categories":[6,50],"tags":[],"class_list":["post-93636","post","type-post","status-publish","format-standard","has-post-thumbnail","hentry","category-cidades","category-destaque"],"_links":{"self":[{"href":"https:\/\/www.caririemacao.com\/1\/wp-json\/wp\/v2\/posts\/93636","targetHints":{"allow":["GET"]}}],"collection":[{"href":"https:\/\/www.caririemacao.com\/1\/wp-json\/wp\/v2\/posts"}],"about":[{"href":"https:\/\/www.caririemacao.com\/1\/wp-json\/wp\/v2\/types\/post"}],"author":[{"embeddable":true,"href":"https:\/\/www.caririemacao.com\/1\/wp-json\/wp\/v2\/users\/2"}],"replies":[{"embeddable":true,"href":"https:\/\/www.caririemacao.com\/1\/wp-json\/wp\/v2\/comments?post=93636"}],"version-history":[{"count":1,"href":"https:\/\/www.caririemacao.com\/1\/wp-json\/wp\/v2\/posts\/93636\/revisions"}],"predecessor-version":[{"id":93639,"href":"https:\/\/www.caririemacao.com\/1\/wp-json\/wp\/v2\/posts\/93636\/revisions\/93639"}],"wp:featuredmedia":[{"embeddable":true,"href":"https:\/\/www.caririemacao.com\/1\/wp-json\/wp\/v2\/media\/14127"}],"wp:attachment":[{"href":"https:\/\/www.caririemacao.com\/1\/wp-json\/wp\/v2\/media?parent=93636"}],"wp:term":[{"taxonomy":"category","embeddable":true,"href":"https:\/\/www.caririemacao.com\/1\/wp-json\/wp\/v2\/categories?post=93636"},{"taxonomy":"post_tag","embeddable":true,"href":"https:\/\/www.caririemacao.com\/1\/wp-json\/wp\/v2\/tags?post=93636"}],"curies":[{"name":"wp","href":"https:\/\/api.w.org\/{rel}","templated":true}]}}