{"id":93637,"date":"2019-05-01T13:32:17","date_gmt":"2019-05-01T16:32:17","guid":{"rendered":"http:\/\/www.caririemacao.com\/1\/?p=93637"},"modified":"2019-05-01T13:32:17","modified_gmt":"2019-05-01T16:32:17","slug":"prefeitura-de-amparo-realizou-a-entrega-oficial-de-uma-van-0-km","status":"publish","type":"post","link":"https:\/\/www.caririemacao.com\/1\/2019\/05\/01\/prefeitura-de-amparo-realizou-a-entrega-oficial-de-uma-van-0-km\/","title":{"rendered":"Prefeitura de Amparo realizou a Entrega Oficial de uma Van 0 km"},"content":{"rendered":"\n<p>O Prefeito de Amparo, In\u00e1cio N\u00f3brega, com sua equipe de gest\u00e3o, fez a entrega oficial de uma Van 0 km para a popula\u00e7\u00e3o Amparo, esse ve\u00edculo foi adquirido atrav\u00e9s de uma emenda parlamentar do Deputado Benjamin Maranh\u00e3o, parceiro da gest\u00e3o do prefeito In\u00e1cio. <\/p>\n\n\n\n<figure class=\"wp-block-image\"><img fetchpriority=\"high\" decoding=\"async\" width=\"1024\" height=\"678\" src=\"http:\/\/www.caririemacao.com\/1\/wp-content\/uploads\/2019\/05\/DSC_0106-1024x678.jpg\" alt=\"\" class=\"wp-image-93641\" srcset=\"https:\/\/www.caririemacao.com\/1\/wp-content\/uploads\/2019\/05\/DSC_0106-1024x678.jpg 1024w, https:\/\/www.caririemacao.com\/1\/wp-content\/uploads\/2019\/05\/DSC_0106-300x199.jpg 300w, https:\/\/www.caririemacao.com\/1\/wp-content\/uploads\/2019\/05\/DSC_0106-768x509.jpg 768w\" sizes=\"(max-width: 1024px) 100vw, 1024px\" \/><\/figure>\n\n\n\n<p>Essa Van tem capacidade\npara 18+1 passageiros, com TV com Kit Multim\u00eddia e uma cadeira que se move e\nsai da van, para aqueles passageiros que tem dificuldades em subir em um\nve\u00edculo mais alto.<\/p>\n\n\n\n<p>O recurso da Emenda do\nDeputado Benjamim Maranh\u00e3o foi no valor de R$ 190.000,00, onde o prefeito\nIn\u00e1cio buscando algo a mais para popula\u00e7\u00e3o, investiu cerca de mais R$ 30.000,00\npara que esse ve\u00edculo fosse equipado com o que tem de melhor para oferecer a\npopula\u00e7\u00e3o de Amparo.<\/p>\n\n\n\n<p>In\u00e1cio disse ainda que\noutra Van est\u00e1 chegando ao munic\u00edpio em breve, essa \u00e9 mais simples, mas que\nser\u00e1 muito bem vinda, tendo em vista, a melhor locomo\u00e7\u00e3o dos usu\u00e1rios.<\/p>\n","protected":false},"excerpt":{"rendered":"<p>O Prefeito de Amparo, In\u00e1cio N\u00f3brega, com sua equipe de gest\u00e3o, fez a entrega oficial de uma Van 0 km para a popula\u00e7\u00e3o Amparo, esse&hellip; <\/p>\n","protected":false},"author":1,"featured_media":93640,"comment_status":"closed","ping_status":"closed","sticky":false,"template":"","format":"standard","meta":{"sfsi_plus_gutenberg_text_before_share":"","sfsi_plus_gutenberg_show_text_before_share":"","sfsi_plus_gutenberg_icon_type":"","sfsi_plus_gutenberg_icon_alignemt":"","sfsi_plus_gutenburg_max_per_row":"","footnotes":""},"categories":[6],"tags":[],"class_list":["post-93637","post","type-post","status-publish","format-standard","has-post-thumbnail","hentry","category-cidades"],"_links":{"self":[{"href":"https:\/\/www.caririemacao.com\/1\/wp-json\/wp\/v2\/posts\/93637","targetHints":{"allow":["GET"]}}],"collection":[{"href":"https:\/\/www.caririemacao.com\/1\/wp-json\/wp\/v2\/posts"}],"about":[{"href":"https:\/\/www.caririemacao.com\/1\/wp-json\/wp\/v2\/types\/post"}],"author":[{"embeddable":true,"href":"https:\/\/www.caririemacao.com\/1\/wp-json\/wp\/v2\/users\/1"}],"replies":[{"embeddable":true,"href":"https:\/\/www.caririemacao.com\/1\/wp-json\/wp\/v2\/comments?post=93637"}],"version-history":[{"count":1,"href":"https:\/\/www.caririemacao.com\/1\/wp-json\/wp\/v2\/posts\/93637\/revisions"}],"predecessor-version":[{"id":93642,"href":"https:\/\/www.caririemacao.com\/1\/wp-json\/wp\/v2\/posts\/93637\/revisions\/93642"}],"wp:featuredmedia":[{"embeddable":true,"href":"https:\/\/www.caririemacao.com\/1\/wp-json\/wp\/v2\/media\/93640"}],"wp:attachment":[{"href":"https:\/\/www.caririemacao.com\/1\/wp-json\/wp\/v2\/media?parent=93637"}],"wp:term":[{"taxonomy":"category","embeddable":true,"href":"https:\/\/www.caririemacao.com\/1\/wp-json\/wp\/v2\/categories?post=93637"},{"taxonomy":"post_tag","embeddable":true,"href":"https:\/\/www.caririemacao.com\/1\/wp-json\/wp\/v2\/tags?post=93637"}],"curies":[{"name":"wp","href":"https:\/\/api.w.org\/{rel}","templated":true}]}}