{"id":93643,"date":"2019-05-01T13:39:02","date_gmt":"2019-05-01T16:39:02","guid":{"rendered":"http:\/\/www.caririemacao.com\/1\/?p=93643"},"modified":"2019-05-01T13:39:02","modified_gmt":"2019-05-01T16:39:02","slug":"sebrae-movel-esteve-em-amparo-mostrando-a-importancia-do-empreendedor-local","status":"publish","type":"post","link":"https:\/\/www.caririemacao.com\/1\/2019\/05\/01\/sebrae-movel-esteve-em-amparo-mostrando-a-importancia-do-empreendedor-local\/","title":{"rendered":"SEBRAE M\u00f3vel esteve em Amparo mostrando a Import\u00e2ncia do Empreendedor Local"},"content":{"rendered":"\n<p>Na segunda-feira (29), a cidade de Amparo recebeu o SEBRAE M\u00f3vel, que presta servi\u00e7os para empreendedores e a quem planeja ter um neg\u00f3cio pr\u00f3prio.<\/p>\n\n\n\n<p>O SEBRAE M\u00f3vel \u00e9 um\nescrit\u00f3rio itinerante que leva conhecimento a empreendedores e futuros\nempreendedores, proporcionando orienta\u00e7\u00e3o e disponibilizando servi\u00e7os como\nformaliza\u00e7\u00e3o de empresas e agendamento de cursos e palestras, sempre visando\nincentivar melhorias nos resultados do neg\u00f3cio.<\/p>\n\n\n\n<p>O Prefeito In\u00e1cio N\u00f3brega em parceria com o SEBRAE de Monteiro na pessoa de Madalena Arruda que \u00e9 gerente de neg\u00f3cios, na gerente da Regional de Patos Ana Estef\u00e2nia, com apoio de Ediv\u00e2nio que esteve no munic\u00edpio nesta segunda-feira acompanhando os trabalhos com Marcos Pereira que \u00e9 Agente de Desenvolvimento na Sala do Empreendedor aqui no munic\u00edpio.<\/p>\n\n\n\n<figure class=\"wp-block-image\"><img fetchpriority=\"high\" decoding=\"async\" width=\"1024\" height=\"678\" src=\"http:\/\/www.caririemacao.com\/1\/wp-content\/uploads\/2019\/05\/WhatsApp-Image-2019-04-30-at-20.28.06-1024x678.jpeg\" alt=\"\" class=\"wp-image-93645\" srcset=\"https:\/\/www.caririemacao.com\/1\/wp-content\/uploads\/2019\/05\/WhatsApp-Image-2019-04-30-at-20.28.06-1024x678.jpeg 1024w, https:\/\/www.caririemacao.com\/1\/wp-content\/uploads\/2019\/05\/WhatsApp-Image-2019-04-30-at-20.28.06-300x199.jpeg 300w, https:\/\/www.caririemacao.com\/1\/wp-content\/uploads\/2019\/05\/WhatsApp-Image-2019-04-30-at-20.28.06-768x508.jpeg 768w, https:\/\/www.caririemacao.com\/1\/wp-content\/uploads\/2019\/05\/WhatsApp-Image-2019-04-30-at-20.28.06.jpeg 1280w\" sizes=\"(max-width: 1024px) 100vw, 1024px\" \/><\/figure>\n\n\n\n<p>Como a prefeitura tem\nincentivado o microempreendedor para as compras governamentais do munic\u00edpio, a\nideia foi que os microempres\u00e1rios vissem a import\u00e2ncia que eles t\u00eam dentro\ndesse processo de desenvolvimento local.<\/p>\n\n\n\n<p>Essa foi mais uma a\u00e7\u00e3o\ninovadora nos festejos do anivers\u00e1rio da cidade, essa voltada especificamente\npara os empreendedores e microempreendedores locais e para o publico entender\nque a compra governamental tamb\u00e9m \u00e9 uma oportunidade do pequeno empres\u00e1rio\nparticipar.<\/p>\n","protected":false},"excerpt":{"rendered":"<p>Na segunda-feira (29), a cidade de Amparo recebeu o SEBRAE M\u00f3vel, que presta servi\u00e7os para empreendedores e a quem planeja ter um neg\u00f3cio pr\u00f3prio. O&hellip; <\/p>\n","protected":false},"author":1,"featured_media":93644,"comment_status":"closed","ping_status":"closed","sticky":false,"template":"","format":"standard","meta":{"sfsi_plus_gutenberg_text_before_share":"","sfsi_plus_gutenberg_show_text_before_share":"","sfsi_plus_gutenberg_icon_type":"","sfsi_plus_gutenberg_icon_alignemt":"","sfsi_plus_gutenburg_max_per_row":"","footnotes":""},"categories":[6],"tags":[],"class_list":["post-93643","post","type-post","status-publish","format-standard","has-post-thumbnail","hentry","category-cidades"],"_links":{"self":[{"href":"https:\/\/www.caririemacao.com\/1\/wp-json\/wp\/v2\/posts\/93643","targetHints":{"allow":["GET"]}}],"collection":[{"href":"https:\/\/www.caririemacao.com\/1\/wp-json\/wp\/v2\/posts"}],"about":[{"href":"https:\/\/www.caririemacao.com\/1\/wp-json\/wp\/v2\/types\/post"}],"author":[{"embeddable":true,"href":"https:\/\/www.caririemacao.com\/1\/wp-json\/wp\/v2\/users\/1"}],"replies":[{"embeddable":true,"href":"https:\/\/www.caririemacao.com\/1\/wp-json\/wp\/v2\/comments?post=93643"}],"version-history":[{"count":1,"href":"https:\/\/www.caririemacao.com\/1\/wp-json\/wp\/v2\/posts\/93643\/revisions"}],"predecessor-version":[{"id":93646,"href":"https:\/\/www.caririemacao.com\/1\/wp-json\/wp\/v2\/posts\/93643\/revisions\/93646"}],"wp:featuredmedia":[{"embeddable":true,"href":"https:\/\/www.caririemacao.com\/1\/wp-json\/wp\/v2\/media\/93644"}],"wp:attachment":[{"href":"https:\/\/www.caririemacao.com\/1\/wp-json\/wp\/v2\/media?parent=93643"}],"wp:term":[{"taxonomy":"category","embeddable":true,"href":"https:\/\/www.caririemacao.com\/1\/wp-json\/wp\/v2\/categories?post=93643"},{"taxonomy":"post_tag","embeddable":true,"href":"https:\/\/www.caririemacao.com\/1\/wp-json\/wp\/v2\/tags?post=93643"}],"curies":[{"name":"wp","href":"https:\/\/api.w.org\/{rel}","templated":true}]}}