{"id":93647,"date":"2019-05-01T13:44:26","date_gmt":"2019-05-01T16:44:26","guid":{"rendered":"http:\/\/www.caririemacao.com\/1\/?p=93647"},"modified":"2019-05-01T13:44:26","modified_gmt":"2019-05-01T16:44:26","slug":"campinense-x-nautico-tudo-o-que-voce-precisa-saber-sobre-o-jogo-de-ida-do-pre-nordestao","status":"publish","type":"post","link":"https:\/\/www.caririemacao.com\/1\/2019\/05\/01\/campinense-x-nautico-tudo-o-que-voce-precisa-saber-sobre-o-jogo-de-ida-do-pre-nordestao\/","title":{"rendered":"Campinense x N\u00e1utico: tudo o que voc\u00ea precisa saber sobre o jogo de ida do Pr\u00e9-Nordest\u00e3o"},"content":{"rendered":"\n<p>A&nbsp;<a href=\"https:\/\/globoesporte.globo.com\/futebol\/copa-do-nordeste\/\">Copa do Nordeste&nbsp;<\/a>de 2019 ainda nem acabou, mas a edi\u00e7\u00e3o de 2020 come\u00e7a nesta quarta-feira. \u00c9 isso mesmo. A fase preliminar do Regional do ano que vem tem um duelo de vice-campe\u00f5es estaduais, no qual o&nbsp;<a href=\"https:\/\/globoesporte.globo.com\/pb\/futebol\/times\/campinense\/\">Campinense&nbsp;<\/a>recebe o&nbsp;<a href=\"https:\/\/globoesporte.globo.com\/pe\/futebol\/times\/nautico\/\">N\u00e1utico<\/a>no Est\u00e1dio Amig\u00e3o, em Campina Grande, \u00e0s 21h30. Ser\u00e3o dois jogos para saber qual Estado vai ter mais um representante na fase de grupos do Nordest\u00e3o da pr\u00f3xima temporada.<\/p>\n\n\n\n<p>Dono da casa, o Campinense ainda vive momentos de indefini\u00e7\u00f5es. O time, que enfrentou problemas financeiros ao longo do Campeonato Paraibano, passa por um processo eleitoral ao mesmo tempo em que prepara a equipe para a sequ\u00eancia da temporada. A perman\u00eancia do t\u00e9cnico Francisco Di\u00e1 deixou o caminho menos conturbado; afinal, a Raposa vai seguir com o projeto iniciado no fim de 2018. Por\u00e9m, nas quatro linhas, refor\u00e7os chegaram para somar a um elenco que precisa de mais jogadores.<\/p>\n\n\n\n<figure class=\"wp-block-image\"><img decoding=\"async\" data-src=\"https:\/\/s2.glbimg.com\/i1SR2XZkhJg2VbRRveov6mJ4sWU=\/0x0:1280x850\/984x0\/smart\/filters:strip_icc()\/s.glbimg.com\/es\/ge\/f\/original\/2019\/04\/17\/2fa7e687-6b39-43ea-9c30-01f825074510.jpg\" alt=\" Campinense entra em campo pela primeira vez ap\u00f3s vice-campeonato paraibano \u2014 Foto: Pedro Alves \/ GloboEsporte.com\" src=\"data:image\/svg+xml;base64,PHN2ZyB3aWR0aD0iMSIgaGVpZ2h0PSIxIiB4bWxucz0iaHR0cDovL3d3dy53My5vcmcvMjAwMC9zdmciPjwvc3ZnPg==\" class=\"lazyload\" \/><\/figure>\n\n\n\n<p>Campinense entra em campo pela primeira vez ap\u00f3s vice-campeonato paraibano \u2014 Foto: Pedro Alves \/ GloboEsporte.com<\/p>\n\n\n\n<p>At\u00e9 aqui, o Campinense foi vice-campe\u00e3o paraibano, caindo para o Botafogo-PB na decis\u00e3o, e foi eliminado ainda na primeira fase da Copa do Brasil. Al\u00e9m disso, o time vai iniciar a disputa da S\u00e9rie D do Brasileir\u00e3o. A estreia, inclusive, \u00e9 contra um pernambucano, no domingo, quando visita o Vit\u00f3ria-PE, \u00e0s 16h.<\/p>\n\n\n\n<p>No lado pernambucano, o Timbu chega como favorito para o confronto, por ter um in\u00edcio de temporada mais equilibrado. O time tamb\u00e9m foi vice-campe\u00e3o estadual, perdendo para o Sport nos p\u00eanaltis na final do Pernambucano. No entanto, a equipe alvirrubra permanece na disputa da Copa do Nordeste deste ano: vai enfrentar outra equipe paraibana, o Botafogo-PB, na semifinal. Esse duelo, por sinal, acontece entre os dois jogos contra o Campinense pelo Pr\u00e9-Nordest\u00e3o.<\/p>\n\n\n\n<figure class=\"wp-block-image\"><img decoding=\"async\" data-src=\"https:\/\/s2.glbimg.com\/yJGmsCGmjucyJvjX-FCSLtc9bUQ=\/0x0:1080x760\/984x0\/smart\/filters:strip_icc()\/s.glbimg.com\/es\/ge\/f\/original\/2019\/04\/28\/abc2.jpg\" alt=\"N\u00e1utico vem de derrota para o ABC na estreia da S\u00e9rie C \u2014 Foto: Andrei Torres\/ABC FC\" src=\"data:image\/svg+xml;base64,PHN2ZyB3aWR0aD0iMSIgaGVpZ2h0PSIxIiB4bWxucz0iaHR0cDovL3d3dy53My5vcmcvMjAwMC9zdmciPjwvc3ZnPg==\" class=\"lazyload\" \/><\/figure>\n\n\n\n<p>N\u00e1utico vem de derrota para o ABC na estreia da S\u00e9rie C \u2014 Foto: Andrei Torres\/ABC FC<\/p>\n\n\n\n<p>O N\u00e1utico, comandado por M\u00e1rcio Goiano, estreou na S\u00e9rie C do Brasileiro no \u00faltimo fim de semana e acabou derrotado pelo ABC fora de casa por 2 a 0.<\/p>\n","protected":false},"excerpt":{"rendered":"<p>A&nbsp;Copa do Nordeste&nbsp;de 2019 ainda nem acabou, mas a edi\u00e7\u00e3o de 2020 come\u00e7a nesta quarta-feira. \u00c9 isso mesmo. A fase preliminar do Regional do ano&hellip; <\/p>\n","protected":false},"author":1,"featured_media":93651,"comment_status":"closed","ping_status":"closed","sticky":false,"template":"","format":"standard","meta":{"sfsi_plus_gutenberg_text_before_share":"","sfsi_plus_gutenberg_show_text_before_share":"","sfsi_plus_gutenberg_icon_type":"","sfsi_plus_gutenberg_icon_alignemt":"","sfsi_plus_gutenburg_max_per_row":"","footnotes":""},"categories":[13],"tags":[],"class_list":["post-93647","post","type-post","status-publish","format-standard","has-post-thumbnail","hentry","category-esportes"],"_links":{"self":[{"href":"https:\/\/www.caririemacao.com\/1\/wp-json\/wp\/v2\/posts\/93647","targetHints":{"allow":["GET"]}}],"collection":[{"href":"https:\/\/www.caririemacao.com\/1\/wp-json\/wp\/v2\/posts"}],"about":[{"href":"https:\/\/www.caririemacao.com\/1\/wp-json\/wp\/v2\/types\/post"}],"author":[{"embeddable":true,"href":"https:\/\/www.caririemacao.com\/1\/wp-json\/wp\/v2\/users\/1"}],"replies":[{"embeddable":true,"href":"https:\/\/www.caririemacao.com\/1\/wp-json\/wp\/v2\/comments?post=93647"}],"version-history":[{"count":1,"href":"https:\/\/www.caririemacao.com\/1\/wp-json\/wp\/v2\/posts\/93647\/revisions"}],"predecessor-version":[{"id":93652,"href":"https:\/\/www.caririemacao.com\/1\/wp-json\/wp\/v2\/posts\/93647\/revisions\/93652"}],"wp:featuredmedia":[{"embeddable":true,"href":"https:\/\/www.caririemacao.com\/1\/wp-json\/wp\/v2\/media\/93651"}],"wp:attachment":[{"href":"https:\/\/www.caririemacao.com\/1\/wp-json\/wp\/v2\/media?parent=93647"}],"wp:term":[{"taxonomy":"category","embeddable":true,"href":"https:\/\/www.caririemacao.com\/1\/wp-json\/wp\/v2\/categories?post=93647"},{"taxonomy":"post_tag","embeddable":true,"href":"https:\/\/www.caririemacao.com\/1\/wp-json\/wp\/v2\/tags?post=93647"}],"curies":[{"name":"wp","href":"https:\/\/api.w.org\/{rel}","templated":true}]}}