{"id":93648,"date":"2019-05-01T13:49:03","date_gmt":"2019-05-01T16:49:03","guid":{"rendered":"http:\/\/www.caririemacao.com\/1\/?p=93648"},"modified":"2019-05-01T13:49:03","modified_gmt":"2019-05-01T16:49:03","slug":"secretaria-de-saude-da-prata-intensifica-acoes-contra-a-dengue","status":"publish","type":"post","link":"https:\/\/www.caririemacao.com\/1\/2019\/05\/01\/secretaria-de-saude-da-prata-intensifica-acoes-contra-a-dengue\/","title":{"rendered":"Secretaria de Sa\u00fade da Prata intensifica a\u00e7\u00f5es contra a dengue"},"content":{"rendered":"\n<p>A Secretaria Municipal de Sa\u00fade da Prata vem a cada dia buscando melhorar a sa\u00fade dos pratenses.<\/p>\n\n\n\n<p>Desta vez, a Prefeitura vem intensificando a\u00e7\u00f5es objetivando o combate ao mosquito transmissor da dengue, o aedes aegypti.<\/p>\n\n\n\n<p>&#8220;Em pleno dia primeiro de Maio, estamos fazendo o que sabemos fazer a de defender a popula\u00e7\u00e3o contra surtos de dengue.\u00a0 Hoje\u00a0 iniciamos a\u00e7\u00f5es com o fuma\u00e7\u00ea costal nas ruas Souto Maior Isabel Aleixo e rua do Cruzeiro&#8221;, informou a secret\u00e1ria Maria Aparecida.<br>Ela infornou ainda, que a campanha segue nesta sexta-feira at\u00e9 o domingo, dia 05. &#8221;\u00a0 Planejamos fazer este trabalho em toda cidade. Parab\u00e9ns a coordena\u00e7\u00e3o e supervis\u00e3o da vigil\u00e2ncia de sa\u00fade, Adriana Fl\u00e1via e Leando, e um parab\u00e9ns especial aos 02 Agentes comunit\u00e1rios de endemias&#8221;, complementou.<br> <\/p>\n","protected":false},"excerpt":{"rendered":"<p>A Secretaria Municipal de Sa\u00fade da Prata vem a cada dia buscando melhorar a sa\u00fade dos pratenses. Desta vez, a Prefeitura vem intensificando a\u00e7\u00f5es objetivando&hellip; <\/p>\n","protected":false},"author":2,"featured_media":93654,"comment_status":"closed","ping_status":"closed","sticky":false,"template":"","format":"standard","meta":{"sfsi_plus_gutenberg_text_before_share":"","sfsi_plus_gutenberg_show_text_before_share":"","sfsi_plus_gutenberg_icon_type":"","sfsi_plus_gutenberg_icon_alignemt":"","sfsi_plus_gutenburg_max_per_row":"","footnotes":""},"categories":[50,16],"tags":[],"class_list":["post-93648","post","type-post","status-publish","format-standard","has-post-thumbnail","hentry","category-destaque","category-saude"],"_links":{"self":[{"href":"https:\/\/www.caririemacao.com\/1\/wp-json\/wp\/v2\/posts\/93648","targetHints":{"allow":["GET"]}}],"collection":[{"href":"https:\/\/www.caririemacao.com\/1\/wp-json\/wp\/v2\/posts"}],"about":[{"href":"https:\/\/www.caririemacao.com\/1\/wp-json\/wp\/v2\/types\/post"}],"author":[{"embeddable":true,"href":"https:\/\/www.caririemacao.com\/1\/wp-json\/wp\/v2\/users\/2"}],"replies":[{"embeddable":true,"href":"https:\/\/www.caririemacao.com\/1\/wp-json\/wp\/v2\/comments?post=93648"}],"version-history":[{"count":1,"href":"https:\/\/www.caririemacao.com\/1\/wp-json\/wp\/v2\/posts\/93648\/revisions"}],"predecessor-version":[{"id":93657,"href":"https:\/\/www.caririemacao.com\/1\/wp-json\/wp\/v2\/posts\/93648\/revisions\/93657"}],"wp:featuredmedia":[{"embeddable":true,"href":"https:\/\/www.caririemacao.com\/1\/wp-json\/wp\/v2\/media\/93654"}],"wp:attachment":[{"href":"https:\/\/www.caririemacao.com\/1\/wp-json\/wp\/v2\/media?parent=93648"}],"wp:term":[{"taxonomy":"category","embeddable":true,"href":"https:\/\/www.caririemacao.com\/1\/wp-json\/wp\/v2\/categories?post=93648"},{"taxonomy":"post_tag","embeddable":true,"href":"https:\/\/www.caririemacao.com\/1\/wp-json\/wp\/v2\/tags?post=93648"}],"curies":[{"name":"wp","href":"https:\/\/api.w.org\/{rel}","templated":true}]}}