{"id":93658,"date":"2019-05-01T14:01:00","date_gmt":"2019-05-01T17:01:00","guid":{"rendered":"http:\/\/www.caririemacao.com\/1\/?p=93658"},"modified":"2019-05-01T14:01:00","modified_gmt":"2019-05-01T17:01:00","slug":"uff-confirma-bloqueio-de-30-de-recursos-pelo-mec-e-alerta-para-graves-consequencias","status":"publish","type":"post","link":"https:\/\/www.caririemacao.com\/1\/2019\/05\/01\/uff-confirma-bloqueio-de-30-de-recursos-pelo-mec-e-alerta-para-graves-consequencias\/","title":{"rendered":"UFF confirma bloqueio de 30% de recursos pelo MEC e alerta para &#8216;graves consequ\u00eancias&#8217;"},"content":{"rendered":"\n<p>A Universidade Federal Fluminense (UFF) confirmou, em nota oficial divulgada nesta ter\u00e7a-feira (30), que teve 30% dos recursos da institui\u00e7\u00e3o de ensino bloqueados pelo Minist\u00e9rio da Educa\u00e7\u00e3o (MEC).<\/p>\n\n\n\n<p>Segundo o texto, a medida pode trazer &#8220;graves consequ\u00eancias&#8221; para a universidade. A institui\u00e7\u00e3o tamb\u00e9m alega que soube da obstru\u00e7\u00e3o por meio da imprensa.<\/p>\n\n\n\n<p>O comunicado da universidade informa que as verbas bloqueadas s\u00e3o utilizadas para a manuten\u00e7\u00e3o de atividades, como bolsas e aux\u00edlios a estudantes, energia, \u00e1gua, luz, obras de manuten\u00e7\u00e3o, pagamento de servi\u00e7os terceirizados de limpeza, seguran\u00e7a, entre outros.<\/p>\n\n\n\n<p>&#8220;A UFF \u00e9 hoje uma das maiores, mais diversificadas e pujantes universidades do pa\u00eds, prezando pela excel\u00eancia em todas as \u00e1reas do conhecimento. A qualidade da UFF \u00e9 atestada pela pontua\u00e7\u00e3o m\u00e1xima (5) no conceito institucional de avalia\u00e7\u00e3o do MEC e temos o maior n\u00famero de alunos matriculados na gradua\u00e7\u00e3o entre todas as universidades federais&#8221;, diz a nota.<\/p>\n\n\n\n<p>A institui\u00e7\u00e3o ressaltou que \u00e9 a 16\u00aa colocada no Ranking das Universidades do Brasil, que avalia quase 200 entidades acad\u00eamicas.<\/p>\n\n\n\n<p>&#8220;A UFF exerce com responsabilidade a prote\u00e7\u00e3o do patrim\u00f4nio p\u00fablico e das pessoas, defendendo com firmeza o princ\u00edpio constitucional da livre manifesta\u00e7\u00e3o do pensamento, com toler\u00e2ncia e respeito \u00e0 diversidade e \u00e0 pluralidade&#8221;, \u00e9 frisado no texto da institui\u00e7\u00e3o.<\/p>\n\n\n\n<p>Ainda de acordo com a nota, a universidade afirma que far\u00e1 &#8220;todo o esfor\u00e7o institucional para demonstrar ao Minist\u00e9rio da Educa\u00e7\u00e3o a necessidade de revers\u00e3o dos cortes anunciados&#8221;.<\/p>\n\n\n\n<h2 class=\"wp-block-heading\">&#8216;Balb\u00fardia&#8217;<\/h2>\n\n\n\n<p>Em entrevista ao jornal Estado de S\u00e3o Paulo publicada nesta ter\u00e7a, o ministro da Educa\u00e7\u00e3o, Abraham Weintraub, anunciou o corte de recursos de universidades federais que apresentem desempenho acad\u00eamico fora do esperado e, ao mesmo tempo, estiverem promovendo &#8220;balb\u00fardia&#8221;.<\/p>\n\n\n\n<p>Al\u00e9m da UFF, o ministro comunicou que a Universidade Federal da Bahia (Ufba) e Universidade de Bras\u00edlia (UnB) foram penalizadas com os cortes.<\/p>\n\n\n\n<p>Em entrevista ao&nbsp;<strong>G1<\/strong>, nesta ter\u00e7a-feira (30), o reitor da Ufba, Jo\u00e3o Carlos Salles,&nbsp;<a href=\"https:\/\/g1.globo.com\/ba\/bahia\/noticia\/2019\/04\/30\/nao-sei-o-que-motivou-o-comentario-diz-reitor-da-ufba-sobre-justificativas-do-ministro-da-educacao-para-cortes-em-verbas.ghtml\">rebateu os coment\u00e1rios de Abraham Weintraub<\/a>&nbsp;e disse que a justificativa do ministro n\u00e3o se aplica \u00e0 Ufba e que n\u00e3o sabe quais s\u00e3o os crit\u00e9rios utilizados pelo minist\u00e9rio para realizar os cortes.<\/p>\n\n\n\n<p>&#8220;N\u00e3o temos not\u00edcias sobre os crit\u00e9rios que s\u00e3o utilizados para avalia\u00e7\u00e3o do desempenho. Vamos indagar ao MEC, saber as motiva\u00e7\u00f5es para esse corte de recursos e mostrar que n\u00e3o s\u00e3o pertinentes, porque a Ufba \u00e9 um espa\u00e7o de desempenho acad\u00eamico positivo, com nossos indicadores melhorando a cada ano&#8221;, disse Salles.<\/p>\n","protected":false},"excerpt":{"rendered":"<p>A Universidade Federal Fluminense (UFF) confirmou, em nota oficial divulgada nesta ter\u00e7a-feira (30), que teve 30% dos recursos da institui\u00e7\u00e3o de ensino bloqueados pelo Minist\u00e9rio&hellip; <\/p>\n","protected":false},"author":1,"featured_media":93659,"comment_status":"closed","ping_status":"closed","sticky":false,"template":"","format":"standard","meta":{"sfsi_plus_gutenberg_text_before_share":"","sfsi_plus_gutenberg_show_text_before_share":"","sfsi_plus_gutenberg_icon_type":"","sfsi_plus_gutenberg_icon_alignemt":"","sfsi_plus_gutenburg_max_per_row":"","footnotes":""},"categories":[14],"tags":[],"class_list":["post-93658","post","type-post","status-publish","format-standard","has-post-thumbnail","hentry","category-educacao"],"_links":{"self":[{"href":"https:\/\/www.caririemacao.com\/1\/wp-json\/wp\/v2\/posts\/93658","targetHints":{"allow":["GET"]}}],"collection":[{"href":"https:\/\/www.caririemacao.com\/1\/wp-json\/wp\/v2\/posts"}],"about":[{"href":"https:\/\/www.caririemacao.com\/1\/wp-json\/wp\/v2\/types\/post"}],"author":[{"embeddable":true,"href":"https:\/\/www.caririemacao.com\/1\/wp-json\/wp\/v2\/users\/1"}],"replies":[{"embeddable":true,"href":"https:\/\/www.caririemacao.com\/1\/wp-json\/wp\/v2\/comments?post=93658"}],"version-history":[{"count":1,"href":"https:\/\/www.caririemacao.com\/1\/wp-json\/wp\/v2\/posts\/93658\/revisions"}],"predecessor-version":[{"id":93660,"href":"https:\/\/www.caririemacao.com\/1\/wp-json\/wp\/v2\/posts\/93658\/revisions\/93660"}],"wp:featuredmedia":[{"embeddable":true,"href":"https:\/\/www.caririemacao.com\/1\/wp-json\/wp\/v2\/media\/93659"}],"wp:attachment":[{"href":"https:\/\/www.caririemacao.com\/1\/wp-json\/wp\/v2\/media?parent=93658"}],"wp:term":[{"taxonomy":"category","embeddable":true,"href":"https:\/\/www.caririemacao.com\/1\/wp-json\/wp\/v2\/categories?post=93658"},{"taxonomy":"post_tag","embeddable":true,"href":"https:\/\/www.caririemacao.com\/1\/wp-json\/wp\/v2\/tags?post=93658"}],"curies":[{"name":"wp","href":"https:\/\/api.w.org\/{rel}","templated":true}]}}