{"id":93661,"date":"2019-05-01T14:14:10","date_gmt":"2019-05-01T17:14:10","guid":{"rendered":"http:\/\/www.caririemacao.com\/1\/?p=93661"},"modified":"2019-05-02T00:53:50","modified_gmt":"2019-05-02T03:53:50","slug":"caraubas-amanheceu-hoje-sendo-abastecida-por-nova-adutora","status":"publish","type":"post","link":"https:\/\/www.caririemacao.com\/1\/2019\/05\/01\/caraubas-amanheceu-hoje-sendo-abastecida-por-nova-adutora\/","title":{"rendered":"Adutora de Cara\u00fabas come\u00e7a a funcionar, beneficiando os caraubenses"},"content":{"rendered":"\n<p>Depois de v\u00e1rios meses de obras, finalmente entrou em funcionamento na manh\u00e3 desta quarta-feira, dia 1 de maio de 2019, o novo sistema adutor do munic\u00edpio de Cara\u00fabas, atrav\u00e9s da constru\u00e7\u00e3o de um ponto de capta\u00e7\u00e3o d\u2019\u00e1gua instalado no Rio Para\u00edba.<\/p>\n\n\n\n<p>A obra de responsabilidade do Governo do Estado da Para\u00edba atrav\u00e9s da CAGEPA foi iniciada ano passado e somente agora depois de alguns meses foi conclu\u00edda e poder\u00e1 ser entregue neste s\u00e1bado, dia 4\/5, \u00e0s 15h., durante a solenidade da festa de anivers\u00e1rio da cidade e com a presen\u00e7a de autoridades do Governo do Estado e do prefeito Silvano Dudu.<\/p>\n\n\n\n<p>Semana passada o prefeito esteve reunido com o Secret\u00e1rio Deusdeth da Infraestrutura e dos Recursos H\u00eddricos do Estado da Para\u00edba para realizar o agendamento da inaugura\u00e7\u00e3o do novo sistema a popula\u00e7\u00e3o do munic\u00edpio. <\/p>\n\n\n\n<p>A partir de hoje, a popula\u00e7\u00e3o de Cara\u00fabas n\u00e3o sofrer\u00e1 como sofreu no passado recente, sem \u00e1gua tratada para o consumo, afirmou o prefeito.Uma obra de mais de R$ 900.000,00 (Novecentos Mil Reais) que ir\u00e1 beneficiar mais de 1500 fam\u00edlias da zona urbana e garantir a sustentabilidade e o crescimento do nosso com\u00e9rcio, fortalecendo a economia local.<\/p>\n\n\n\n<p>De acordo com o prefeito Silvano Dudu \u00e9 inten\u00e7\u00e3o da atual gest\u00e3o expandir o sistema para outras ruas e o bairro Pedrinho de Cota, bem como, solicitar ao governo do estado um sistema adutor para o Distrito de Barreiras atrav\u00e9s da adutora do Congo, com isso garantiremos mais uma importante a\u00e7\u00e3o governamental, disse ele.<\/p>\n\n\n\n<p>&#8220;Estamos muito felizes e queremos aqui por uma quest\u00e3o de justi\u00e7a agradecer ao ex-governador Ricardo Coutinho, que atendeu o nosso pedido e realizou o sonho de milhares de caraubenses, pois, al\u00e9m de tirar Cara\u00fabas do isolamento, agora Jo\u00e3o Azevedo nosso governador ter\u00e1 a oportunidade de inaugurar esse sistema que garantir\u00e1 um futuro promissor para nossa gente&#8221;, finalizou Silvano Dudu. <\/p>\n","protected":false},"excerpt":{"rendered":"<p>Depois de v\u00e1rios meses de obras, finalmente entrou em funcionamento na manh\u00e3 desta quarta-feira, dia 1 de maio de 2019, o novo sistema adutor do&hellip; <\/p>\n","protected":false},"author":1,"featured_media":93662,"comment_status":"closed","ping_status":"closed","sticky":false,"template":"","format":"standard","meta":{"sfsi_plus_gutenberg_text_before_share":"","sfsi_plus_gutenberg_show_text_before_share":"","sfsi_plus_gutenberg_icon_type":"","sfsi_plus_gutenberg_icon_alignemt":"","sfsi_plus_gutenburg_max_per_row":"","footnotes":""},"categories":[6],"tags":[],"class_list":["post-93661","post","type-post","status-publish","format-standard","has-post-thumbnail","hentry","category-cidades"],"_links":{"self":[{"href":"https:\/\/www.caririemacao.com\/1\/wp-json\/wp\/v2\/posts\/93661","targetHints":{"allow":["GET"]}}],"collection":[{"href":"https:\/\/www.caririemacao.com\/1\/wp-json\/wp\/v2\/posts"}],"about":[{"href":"https:\/\/www.caririemacao.com\/1\/wp-json\/wp\/v2\/types\/post"}],"author":[{"embeddable":true,"href":"https:\/\/www.caririemacao.com\/1\/wp-json\/wp\/v2\/users\/1"}],"replies":[{"embeddable":true,"href":"https:\/\/www.caririemacao.com\/1\/wp-json\/wp\/v2\/comments?post=93661"}],"version-history":[{"count":3,"href":"https:\/\/www.caririemacao.com\/1\/wp-json\/wp\/v2\/posts\/93661\/revisions"}],"predecessor-version":[{"id":93675,"href":"https:\/\/www.caririemacao.com\/1\/wp-json\/wp\/v2\/posts\/93661\/revisions\/93675"}],"wp:featuredmedia":[{"embeddable":true,"href":"https:\/\/www.caririemacao.com\/1\/wp-json\/wp\/v2\/media\/93662"}],"wp:attachment":[{"href":"https:\/\/www.caririemacao.com\/1\/wp-json\/wp\/v2\/media?parent=93661"}],"wp:term":[{"taxonomy":"category","embeddable":true,"href":"https:\/\/www.caririemacao.com\/1\/wp-json\/wp\/v2\/categories?post=93661"},{"taxonomy":"post_tag","embeddable":true,"href":"https:\/\/www.caririemacao.com\/1\/wp-json\/wp\/v2\/tags?post=93661"}],"curies":[{"name":"wp","href":"https:\/\/api.w.org\/{rel}","templated":true}]}}