{"id":93666,"date":"2019-05-01T17:15:15","date_gmt":"2019-05-01T20:15:15","guid":{"rendered":"http:\/\/www.caririemacao.com\/1\/?p=93666"},"modified":"2019-05-01T17:15:15","modified_gmt":"2019-05-01T20:15:15","slug":"pela-terceira-edicao-consecutiva-ronaldo-queiroz-recebe-do-sebrae-premio-prefeito-empreendedor","status":"publish","type":"post","link":"https:\/\/www.caririemacao.com\/1\/2019\/05\/01\/pela-terceira-edicao-consecutiva-ronaldo-queiroz-recebe-do-sebrae-premio-prefeito-empreendedor\/","title":{"rendered":"Pela terceira edi\u00e7\u00e3o consecutiva, Ronaldo Queiroz recebe do Sebrae pr\u00eamio Prefeito Empreendedor"},"content":{"rendered":"\n<p>O prefeito de Gurj\u00e3o, Ronaldo Queiroz, foi premiado mais uma vez com o t\u00edtulo de Prefeito Empreendedor do Sebrae. O gestor \u00e9 o \u00fanico da Para\u00edba premiado por tr\u00eas vezes seguidas pelo \u00f3rg\u00e3o, que realiza a cada dois anos o Pr\u00eamio Sebrae Empreendedor.<\/p>\n\n\n\n<p>Nesta edi\u00e7\u00e3o, a premia\u00e7\u00e3o ao prefeito Ronaldo Queiroz se deu por causa do Programa de Protagonismo Juvenil, uma pol\u00edtica p\u00fablica municipal voltada \u00e0 inser\u00e7\u00e3o dos jovens gurj\u00e3oenses no mercado de trabalho e na defini\u00e7\u00e3o de suas aptid\u00f5es educacionais. No universo de mais de 100 munic\u00edpios inscritos, Ronaldo recebeu o pr\u00eamio do Sebrae na categoria \u201cInova\u00e7\u00e3o e Sustentabilidade\u201d.<\/p>\n\n\n\n<p>O PPJ objetiva a forma\u00e7\u00e3o b\u00e1sica dos jovens de Gurj\u00e3o, de acordo com seus sonhos, desenvolvimento de compet\u00eancias e habilidades, incluindo valores socioculturais que viabilizem uma vida mais qualificada e exer\u00e7a a prepara\u00e7\u00e3o para o mercado de trabalho. Outra finalidade do programa \u00e9 afastar a juventude de qualquer possibilidade que venha desviar-lhe da conduta \u00edntegra de viver em comunidade, a exemplo, das drogas il\u00edcitas.<\/p>\n\n\n\n<p>O prefeito Ronaldo Queiroz ressaltou que o seu sentimento \u00e9 de dever cumprido. \u201cEstamos no pen\u00faltimo ano de nossa gest\u00e3o, aprovada pela popula\u00e7\u00e3o ao nos reeleger, aprovada pelos \u00f3rg\u00e3os s\u00e9rios de nossa sociedade que reconhece nosso trabalho. O sentimento \u00e9 de gratid\u00e3o a Deus pela oportunidade de fazer o que sempre sonhamos por Gurj\u00e3o, a nossa equipe de trabalho que deu vida aos nossos sonhos e ao povo que confia nos projetos que desenvolvemos e nos apoia\u201d, destacou.<\/p>\n\n\n\n<p>Ele tamb\u00e9m agradeceu as presen\u00e7as dos Secret\u00e1rios Myrna Amaral e Diego Coutinho, os agentes do sebrae em Gurj\u00e3o Lindo Jhonson e Ramir Coutinho e Luana, que representou o PPJ no evento.<\/p>\n\n\n\n<p><em>Com Ascom<\/em><\/p>\n","protected":false},"excerpt":{"rendered":"<p>O prefeito de Gurj\u00e3o, Ronaldo Queiroz, foi premiado mais uma vez com o t\u00edtulo de Prefeito Empreendedor do Sebrae. O gestor \u00e9 o \u00fanico da&hellip; <\/p>\n","protected":false},"author":1,"featured_media":93667,"comment_status":"closed","ping_status":"closed","sticky":false,"template":"","format":"standard","meta":{"sfsi_plus_gutenberg_text_before_share":"","sfsi_plus_gutenberg_show_text_before_share":"","sfsi_plus_gutenberg_icon_type":"","sfsi_plus_gutenberg_icon_alignemt":"","sfsi_plus_gutenburg_max_per_row":"","footnotes":""},"categories":[6],"tags":[],"class_list":["post-93666","post","type-post","status-publish","format-standard","has-post-thumbnail","hentry","category-cidades"],"_links":{"self":[{"href":"https:\/\/www.caririemacao.com\/1\/wp-json\/wp\/v2\/posts\/93666","targetHints":{"allow":["GET"]}}],"collection":[{"href":"https:\/\/www.caririemacao.com\/1\/wp-json\/wp\/v2\/posts"}],"about":[{"href":"https:\/\/www.caririemacao.com\/1\/wp-json\/wp\/v2\/types\/post"}],"author":[{"embeddable":true,"href":"https:\/\/www.caririemacao.com\/1\/wp-json\/wp\/v2\/users\/1"}],"replies":[{"embeddable":true,"href":"https:\/\/www.caririemacao.com\/1\/wp-json\/wp\/v2\/comments?post=93666"}],"version-history":[{"count":1,"href":"https:\/\/www.caririemacao.com\/1\/wp-json\/wp\/v2\/posts\/93666\/revisions"}],"predecessor-version":[{"id":93668,"href":"https:\/\/www.caririemacao.com\/1\/wp-json\/wp\/v2\/posts\/93666\/revisions\/93668"}],"wp:featuredmedia":[{"embeddable":true,"href":"https:\/\/www.caririemacao.com\/1\/wp-json\/wp\/v2\/media\/93667"}],"wp:attachment":[{"href":"https:\/\/www.caririemacao.com\/1\/wp-json\/wp\/v2\/media?parent=93666"}],"wp:term":[{"taxonomy":"category","embeddable":true,"href":"https:\/\/www.caririemacao.com\/1\/wp-json\/wp\/v2\/categories?post=93666"},{"taxonomy":"post_tag","embeddable":true,"href":"https:\/\/www.caririemacao.com\/1\/wp-json\/wp\/v2\/tags?post=93666"}],"curies":[{"name":"wp","href":"https:\/\/api.w.org\/{rel}","templated":true}]}}