{"id":93677,"date":"2019-05-02T11:09:15","date_gmt":"2019-05-02T14:09:15","guid":{"rendered":"http:\/\/www.caririemacao.com\/1\/?p=93677"},"modified":"2019-05-02T11:09:15","modified_gmt":"2019-05-02T14:09:15","slug":"maio-amarelo-joao-azevedo-anuncia-aumento-na-fiscalizacao-para-reduzir-acidentes-de-transito-na-paraiba","status":"publish","type":"post","link":"https:\/\/www.caririemacao.com\/1\/2019\/05\/02\/maio-amarelo-joao-azevedo-anuncia-aumento-na-fiscalizacao-para-reduzir-acidentes-de-transito-na-paraiba\/","title":{"rendered":"Maio Amarelo: Jo\u00e3o Azev\u00eado anuncia aumento na fiscaliza\u00e7\u00e3o para reduzir acidentes de tr\u00e2nsito na Para\u00edba"},"content":{"rendered":"\n<p>O governador Jo\u00e3o Azev\u00eado (PSB) anunciou, nesta quinta-feira (02), o aumento na fiscaliza\u00e7\u00e3o para reduzir os acidentes de tr\u00e2nsito na Para\u00edba. O Governo do Estado tamb\u00e9m pretende aumentar os p\u00e1tios para apreens\u00e3o de ve\u00edculos e motocicletas. As medidas foram anunciadas durante o lan\u00e7amento do Movimento Maio Amarelo, na Para\u00edba, em solenidade no Hotel Tamba\u00fa. &#8220;Nos \u00faltimos anos, houve uma redu\u00e7\u00e3o de 9% nos acidentes. Mas ainda n\u00e3o \u00e9 suficiente, temos que reduzir cada vez mais&#8221;, disse Jo\u00e3o Azev\u00eado.&nbsp;<\/p>\n\n\n\n<p>De acordo com o governador, somente este ano, j\u00e1 morreram 182 pessoas em acidentes de ve\u00edculos na Para\u00edba. A campanha promovida pelo Departamento Estadual de Tr\u00e2nsito da Para\u00edba &#8211; Detran vai percorrer todo o Estado. No ano de 2018, o Detran&nbsp;contabilizou 828 \u00f3bitos durante acidentes entre ve\u00edculos no Estado da Para\u00edba.<\/p>\n\n\n\n<p>&#8220;\u00c9 uma campanha importante, considerando que o Brasil vive uma situa\u00e7\u00e3o no tr\u00e2nsito extremamente preocupante, afinal de contas s\u00e3o 40 mil pessoas que morrem em acidentes de tr\u00e2nsito. Ent\u00e3o essas campanhas que s\u00e3o feitas visam fazer com que essa redu\u00e7\u00e3o de acidentes efetivamente comece a acontecer&#8221;, disse o governador, destacando a maior quantidade de acidentes de motos. A meta estabelecida pela Organiza\u00e7\u00e3o Mundial de Sa\u00fade \u00e9 reduzir o n\u00famero de acidentes para 19 mil em 2020.&nbsp;<\/p>\n\n\n\n<p>No interior, principalmente, os motociclistas n\u00e3o respeitam a legisla\u00e7\u00e3o de tr\u00e2nsito, n\u00e3o utilizam capacete, excedem a quantidade de pessoas nos ve\u00edculos, entre outras irregularidades. &#8220;\u00c9 fundamental que n\u00f3s tenhamos fiscaliza\u00e7\u00e3o, sim. S\u00f3 a fiscaliza\u00e7\u00e3o faz com que um cidad\u00e3o quando sai de casa em um ve\u00edculo, em uma moto, sabendo que pode ser apanhado em uma blitz, comece a pensar. Em pa\u00edses da Europa, temos uma abordagem por ve\u00edculos em torno de um para cinco, uma para seis, ou um para dez; no Brasil \u00e9 um para quinhentos. Isso d\u00e1 uma folga muito grande, as pessoas saem de casa com a certeza de que talvez nem encontrem uma fiscaliza\u00e7\u00e3o&#8221;, disse Jo\u00e3o, destacando a import\u00e2ncia, tamb\u00e9m, de aumentar a educa\u00e7\u00e3o de tr\u00e2nsito nas escolas.<\/p>\n","protected":false},"excerpt":{"rendered":"<p>O governador Jo\u00e3o Azev\u00eado (PSB) anunciou, nesta quinta-feira (02), o aumento na fiscaliza\u00e7\u00e3o para reduzir os acidentes de tr\u00e2nsito na Para\u00edba. O Governo do Estado&hellip; <\/p>\n","protected":false},"author":1,"featured_media":93678,"comment_status":"closed","ping_status":"closed","sticky":false,"template":"","format":"standard","meta":{"sfsi_plus_gutenberg_text_before_share":"","sfsi_plus_gutenberg_show_text_before_share":"","sfsi_plus_gutenberg_icon_type":"","sfsi_plus_gutenberg_icon_alignemt":"","sfsi_plus_gutenburg_max_per_row":"","footnotes":""},"categories":[11],"tags":[],"class_list":["post-93677","post","type-post","status-publish","format-standard","has-post-thumbnail","hentry","category-politica"],"_links":{"self":[{"href":"https:\/\/www.caririemacao.com\/1\/wp-json\/wp\/v2\/posts\/93677","targetHints":{"allow":["GET"]}}],"collection":[{"href":"https:\/\/www.caririemacao.com\/1\/wp-json\/wp\/v2\/posts"}],"about":[{"href":"https:\/\/www.caririemacao.com\/1\/wp-json\/wp\/v2\/types\/post"}],"author":[{"embeddable":true,"href":"https:\/\/www.caririemacao.com\/1\/wp-json\/wp\/v2\/users\/1"}],"replies":[{"embeddable":true,"href":"https:\/\/www.caririemacao.com\/1\/wp-json\/wp\/v2\/comments?post=93677"}],"version-history":[{"count":1,"href":"https:\/\/www.caririemacao.com\/1\/wp-json\/wp\/v2\/posts\/93677\/revisions"}],"predecessor-version":[{"id":93679,"href":"https:\/\/www.caririemacao.com\/1\/wp-json\/wp\/v2\/posts\/93677\/revisions\/93679"}],"wp:featuredmedia":[{"embeddable":true,"href":"https:\/\/www.caririemacao.com\/1\/wp-json\/wp\/v2\/media\/93678"}],"wp:attachment":[{"href":"https:\/\/www.caririemacao.com\/1\/wp-json\/wp\/v2\/media?parent=93677"}],"wp:term":[{"taxonomy":"category","embeddable":true,"href":"https:\/\/www.caririemacao.com\/1\/wp-json\/wp\/v2\/categories?post=93677"},{"taxonomy":"post_tag","embeddable":true,"href":"https:\/\/www.caririemacao.com\/1\/wp-json\/wp\/v2\/tags?post=93677"}],"curies":[{"name":"wp","href":"https:\/\/api.w.org\/{rel}","templated":true}]}}